{"id":15293,"date":"2025-02-04T12:37:56","date_gmt":"2025-02-04T09:37:56","guid":{"rendered":"https:\/\/www.egemtv.com\/?p=15293"},"modified":"2025-02-04T12:38:04","modified_gmt":"2025-02-04T09:38:04","slug":"bayraklili-kadinlar-yakin-savunma-ogreniyor","status":"publish","type":"post","link":"https:\/\/www.egemtv.com\/?p=15293","title":{"rendered":"Bayrakl\u0131l\u0131 kad\u0131nlar yak\u0131n savunma \u00f6\u011freniyor"},"content":{"rendered":"<p>Bayrakl\u0131 Belediyesi, kad\u0131na y\u00f6nelik \u015fiddet vakalar\u0131ndaki art\u0131\u015fa dikkat \u00e7ekmek ve kad\u0131nlar\u0131n kendilerini savunmalar\u0131n\u0131 sa\u011flamak amac\u0131yla ba\u015flatt\u0131\u011f\u0131 &#8220;G\u00fc\u00e7l\u00fc Kad\u0131nlar, G\u00fcvenli Yar\u0131nlar&#8221; projesi kapsam\u0131nda \u00fccretsiz yak\u0131n savunma e\u011fitimlerine devam ediyor.<br \/>\n<br \/>Bayrakl\u0131 Belediyesi, &#8220;G\u00fc\u00e7l\u00fc Kad\u0131nlar, G\u00fcvenli Yar\u0131nlar&#8221; projesi kapsam\u0131nda \u00fccretsiz yak\u0131n savunma e\u011fitimlerinin ilk etab\u0131n\u0131 \u00c7ay Mahallesi Semt Merkezi\u2019nde ba\u015flatm\u0131\u015ft\u0131. Yo\u011fun ilgi nedeniyle e\u011fitimler geni\u015fletilerek Do\u011fan\u00e7ay Mahallesi Semt Merkezi\u2019nde devam devam ediyor. Uzman e\u011fitmenler taraf\u0131ndan verilen e\u011fitimlerde, kad\u0131nlar yak\u0131n savunma tekniklerini \u00f6\u011frenerek olas\u0131 tehlikelere kar\u015f\u0131 kendilerini koruma ve hayatta kalma becerilerini geli\u015ftirme imk\u00e2n\u0131 buluyor. E\u011fitimlere kat\u0131lmak isteyen kad\u0131nlar, Bayrakl\u0131 Belediyesi semt merkezlerine veya Sosyal Yard\u0131m \u0130\u015fleri M\u00fcd\u00fcrl\u00fc\u011f\u00fc\u2019ne ba\u015fvurarak kay\u0131t yapt\u0131rabiliyor. Detayl\u0131 bilgi almak isteyenler, 477 20 00 numaral\u0131 telefonu arayarak dahili 3065 \u00fczerinden yetkililere ula\u015fabiliyor. Gelen talepler do\u011frultusunda e\u011fitimlerin di\u011fer mahallelerde de devam edece\u011fi belirtildi.<br \/>\n<br \/>Bayrakl\u0131 Belediye Ba\u015fkan\u0131 \u0130rfan \u00d6nal, &#8220;Kad\u0131nlar\u0131n toplumsal ya\u015famda g\u00fc\u00e7l\u00fc ve g\u00fcvende hissetmeleri \u00f6ncelikli hedefimiz. Bu projeyle kad\u0131nlar\u0131m\u0131za hem fiziksel hem de zihinsel destek sunmay\u0131 ama\u00e7l\u0131yoruz. \u015eiddetle m\u00fccadelede kad\u0131nlar\u0131m\u0131z yaln\u0131z de\u011fildir ve biz, her zaman onlar\u0131n yan\u0131nda olmaya devam edece\u011fiz. Kad\u0131na y\u00f6nelik her t\u00fcrl\u00fc \u015fiddetin son buldu\u011fu, e\u015fit, g\u00fcvenli ve dayan\u0131\u015fma dolu bir gelece\u011fe do\u011fru ilerlerken, kad\u0131nlar\u0131m\u0131z\u0131n g\u00fcc\u00fcne g\u00fc\u00e7 katmak i\u00e7in desteklerimizi s\u00fcrd\u00fcrece\u011fiz&#8221; dedi.<br \/><\/p>\n","protected":false},"excerpt":{"rendered":"<p>Bayrakl\u0131 Belediyesi, kad\u0131na y\u00f6nelik \u015fiddet vakalar\u0131ndaki art\u0131\u015fa dikkat \u00e7ekmek ve kad\u0131nlar\u0131n kendilerini savunmalar\u0131n\u0131 sa\u011flamak amac\u0131yla ba\u015flatt\u0131\u011f\u0131 &#8220;G\u00fc\u00e7l\u00fc Kad\u0131nlar, G\u00fcvenli Yar\u0131nlar&#8221; projesi kapsam\u0131nda \u00fccretsiz yak\u0131n savunma e\u011fitimlerine devam ediyor. Bayrakl\u0131 Belediyesi, &#8220;G\u00fc\u00e7l\u00fc Kad\u0131nlar, G\u00fcvenli Yar\u0131nlar&#8221; projesi kapsam\u0131nda \u00fccretsiz yak\u0131n savunma e\u011fitimlerinin ilk etab\u0131n\u0131 \u00c7ay Mahallesi Semt Merkezi\u2019nde ba\u015flatm\u0131\u015ft\u0131. Yo\u011fun ilgi nedeniyle e\u011fitimler geni\u015fletilerek Do\u011fan\u00e7ay Mahallesi Semt&#8230;<\/p>\n","protected":false},"author":1,"featured_media":15294,"comment_status":"open","ping_status":"open","sticky":false,"template":"","format":"standard","meta":{"_crdt_document":"","footnotes":""},"categories":[1],"tags":[],"class_list":["post-15293","post","type-post","status-publish","format-standard","has-post-thumbnail","hentry","category-guncel"],"_links":{"self":[{"href":"https:\/\/www.egemtv.com\/index.php?rest_route=\/wp\/v2\/posts\/15293","targetHints":{"allow":["GET"]}}],"collection":[{"href":"https:\/\/www.egemtv.com\/index.php?rest_route=\/wp\/v2\/posts"}],"about":[{"href":"https:\/\/www.egemtv.com\/index.php?rest_route=\/wp\/v2\/types\/post"}],"author":[{"embeddable":true,"href":"https:\/\/www.egemtv.com\/index.php?rest_route=\/wp\/v2\/users\/1"}],"replies":[{"embeddable":true,"href":"https:\/\/www.egemtv.com\/index.php?rest_route=%2Fwp%2Fv2%2Fcomments&post=15293"}],"version-history":[{"count":1,"href":"https:\/\/www.egemtv.com\/index.php?rest_route=\/wp\/v2\/posts\/15293\/revisions"}],"predecessor-version":[{"id":15295,"href":"https:\/\/www.egemtv.com\/index.php?rest_route=\/wp\/v2\/posts\/15293\/revisions\/15295"}],"wp:featuredmedia":[{"embeddable":true,"href":"https:\/\/www.egemtv.com\/index.php?rest_route=\/wp\/v2\/media\/15294"}],"wp:attachment":[{"href":"https:\/\/www.egemtv.com\/index.php?rest_route=%2Fwp%2Fv2%2Fmedia&parent=15293"}],"wp:term":[{"taxonomy":"category","embeddable":true,"href":"https:\/\/www.egemtv.com\/index.php?rest_route=%2Fwp%2Fv2%2Fcategories&post=15293"},{"taxonomy":"post_tag","embeddable":true,"href":"https:\/\/www.egemtv.com\/index.php?rest_route=%2Fwp%2Fv2%2Ftags&post=15293"}],"curies":[{"name":"wp","href":"https:\/\/api.w.org\/{rel}","templated":true}]}}