{"id":15290,"date":"2025-02-04T12:03:16","date_gmt":"2025-02-04T09:03:16","guid":{"rendered":"https:\/\/www.egemtv.com\/?p=15290"},"modified":"2025-02-04T12:03:21","modified_gmt":"2025-02-04T09:03:21","slug":"egede-deprem-firtinasi-suruyor","status":"publish","type":"post","link":"https:\/\/www.egemtv.com\/?p=15290","title":{"rendered":"Ege\u2019de deprem f\u0131rt\u0131nas\u0131 s\u00fcr\u00fcyor"},"content":{"rendered":"<p>Ege Denizi\u2019nde Santorini Adas\u0131\u2019n\u0131n kuzeydo\u011fusunda son bir hafta i\u00e7erisinde en b\u00fcy\u00fc\u011f\u00fc 4,9 olan 500\u2019\u00fcn \u00fczerinde sars\u0131nt\u0131 meydana geldi. Devam eden deprem f\u0131rt\u0131nas\u0131 ile ilgili Jeoloji M\u00fchendisleri Odas\u0131 \u0130zmir \u015eube Ba\u015fkan\u0131 \u00d6nalan, sars\u0131nt\u0131lar\u0131n bu haliyle T\u00fcrkiye\u2019ye bir tehdit olu\u015fturmad\u0131\u011f\u0131n\u0131 belirterek, &#8220;Depremin b\u00fcy\u00fckl\u00fc\u011f\u00fc 6\u2019n\u0131n \u00fczerine \u00e7\u0131kmaya ba\u015flarsa Ege k\u0131y\u0131lar\u0131m\u0131z i\u00e7in ciddi bir tehdit olabilir. K\u0131y\u0131lar\u0131m\u0131zda tsunami ya\u015fanabilir&#8221; dedi.<br \/>\n<br \/>Afet ve Acil Durum Ba\u015fkanl\u0131\u011f\u0131 (AFAD) taraf\u0131ndan d\u00fcn yap\u0131lan a\u00e7\u0131klamada, Ege Denizi\u2019nde 28 Ocak\u2019tan bu yana b\u00fcy\u00fckl\u00fc\u011f\u00fc 4,8 olan 400\u2019\u00fcn \u00fczerinde deprem meydana geldi. Santorini Adas\u0131\u2019n\u0131n kuzeydo\u011fusunda sars\u0131nt\u0131lar devam etti ve b\u00fcy\u00fckl\u00fc\u011f\u00fc 4,9\u2019a varan 100\u2019\u00fcn \u00fczerinde daha deprem ger\u00e7ekle\u015fti.<br \/>\n<br \/>Kahramanmara\u015f depremiyle asr\u0131n felaketini ya\u015fayan T\u00fcrkiye\u2019de, Ege Denizi\u2019nde bir haftad\u0131r s\u00fcren deprem f\u0131rt\u0131nas\u0131 en \u00f6nemli g\u00fcndem konusu oldu. Ya\u015fanan depremlerle ilgili bilgiler veren Jeoloji M\u00fchendisleri Odas\u0131 \u0130zmir \u015eube Ba\u015fkan\u0131 Koray \u00c7etin \u00d6nalan, sars\u0131nt\u0131lar\u0131n b\u00f6lgedeki fay hatlar\u0131yla ba\u011flant\u0131l\u0131 oldu\u011funu d\u00fc\u015f\u00fcnd\u00fcklerini ifade etti. Ege B\u00f6lgesi\u2019nin, d\u00fcnyan\u0131n sismik aktivite a\u00e7\u0131s\u0131ndan en yo\u011fun b\u00f6lgelerinden birisi oldu\u011funu s\u00f6yleyen \u00d6nalan, &#8220;Yunanistan\u2019\u0131n g\u00fcneyinden ba\u015flay\u0131p Girit Adas\u0131\u2019n\u0131n g\u00fcneyini kat edip Anadolu topraklar\u0131na do\u011fru devam\u0131 olan bir Girit s\u00fcturu var. Zon (ku\u015fak) boyunca Afrika levhas\u0131 Ege plakas\u0131n\u0131n alt\u0131na dal\u0131yor. Di\u011feri de Anadolu levhas\u0131. Y\u0131ll\u0131k ortalama 2,5 santim bat\u0131ya do\u011fru kay\u0131yor. Burada bir s\u0131k\u0131\u015fma rejimi var. Bu s\u0131k\u0131\u015fma rejimi, Ege b\u00f6lgesinin depremselli\u011fini tan\u0131mlayan bir durum. Burada ge\u00e7mi\u015fte \u00e7ok b\u00fcy\u00fck depremler ve b\u00fcy\u00fck volkanik hareketler olmu\u015f. Bu depremleri \u2018deprem f\u0131rt\u0131nas\u0131\u2019 olarak nitelendiriyoruz. Bunun iki nedeni var. \u0130lki, s\u0131\u011f derinliklerde ger\u00e7ekliyor. Derinlikler yakla\u015f\u0131k 1 ile 5 kilometre aras\u0131nda. Biraz uzakla\u015ft\u0131k\u00e7a 7-8 kilometreye kadar gidiyor. Deprem b\u00fcy\u00fckl\u00fckleri de 3 ile 4 aras\u0131nda seyrediyor. Zaman zaman 5\u2019e y\u00fckseliyor. 3 g\u00fcnd\u00fcr devam eden depremler s\u00f6z konusu. Magman\u0131n \u0131s\u0131tt\u0131\u011f\u0131 hidrotermal sular yukar\u0131ya do\u011fru hareket edince kayalar\u0131n i\u00e7erisinde bir bas\u0131n\u00e7 olu\u015fturuyor. Bu bas\u0131n\u00e7la birlikte kayalarda deformasyonlar meydana geliyor. \u00c7ok b\u00fcy\u00fck deformasyonlar bu depremlere neden oluyor diye d\u00fc\u015f\u00fcn\u00fcyoruz&#8221; diye konu\u015ftu.<\/p>\n<p>&#8220;\u015eu anki durum depremlerin belli noktada duraca\u011f\u0131n\u0131 g\u00f6steriyor&#8221;<br \/>\n<br \/>Depremlerden sonra beklenilen iki durumun oldu\u011funa de\u011finen \u00d6nalan, &#8220;\u0130lki, bu depremlerin gittik\u00e7e s\u00f6n\u00fcmlenerek belli bir noktada art\u0131k dura\u011f\u0131n hale gelmesi. Fakat 3 g\u00fcnd\u00fcr devam eden bir stabil durum var. \u0130kincisi istemedi\u011finiz bir durum. \u00c7ok b\u00fcy\u00fck bir depreme evrilmesini hi\u00e7 istemiyoruz. \u015eu andaki durum bize, depremlerin belli bir noktada duraca\u011f\u0131n\u0131 g\u00f6steriyor ama bunlar kesin de\u011fil, sadece tahmin&#8221; ifadelerinde bulundu.<\/p>\n<p>\u2018Tsunami\u2019 riski<br \/>\n<br \/>Depremlerin \u015fu an itibariyle T\u00fcrkiye\u2019ye bir etkisinin olmad\u0131\u011f\u0131n\u0131 belirten \u00d6nalan, &#8220;Ancak biraz daha y\u00fckselir, sars\u0131nt\u0131lar 6 b\u00fcy\u00fckl\u00fc\u011f\u00fcn\u00fcn \u00fczerine \u00e7\u0131kmaya ba\u015flarsa k\u0131y\u0131lar\u0131m\u0131z i\u00e7in ciddi bir tehdit olacakt\u0131r. Ege k\u0131y\u0131lar\u0131m\u0131z\u0131 bir tsunami riski bekliyor, bu ger\u00e7ekle\u015febilir. 6 b\u00fcy\u00fckl\u00fc\u011f\u00fcndeki depremin biraz daha y\u00fcksek olmas\u0131 durumda k\u0131y\u0131lar\u0131m\u0131z etkilenecektir. \u00d6zellikle k\u0131y\u0131larda yap\u0131la\u015fman\u0131n, al\u00fcvyonda, dere yataklar\u0131nda, zay\u0131f zeminler \u00fczerinde ger\u00e7ekle\u015fen, yap\u0131la\u015fman\u0131n oldu\u011fu yerlerde umar\u0131m olmaz. Bunu hi\u00e7 d\u00fc\u015f\u00fcnmek bile istemiyoruz&#8221; diye vurgulad\u0131.<\/p>\n<p>&#8220;Olmas\u0131 muhtemel volkanik tehlike var&#8221;<br \/>\n<br \/>Depremlerin ikinci bir boyutunun oldu\u011funa de\u011finen \u00d6nalan, \u015funlar\u0131 kaydetti: &#8220;Ege B\u00f6lgesi\u2019nde ya\u015fad\u0131\u011f\u0131m\u0131z s\u00fcre i\u00e7inde g\u00f6rmedi\u011fimiz ama olmas\u0131 muhtemelen bir volkanik tehlike de var. Ne zaman olur bilemiyoruz. 10 bin y\u0131l i\u00e7erisinde bir defa harekete ge\u00e7en bir volkan. Hi\u00e7 istemedi\u011fimiz bir durum. Fakat Ege B\u00f6lgesi\u2019nde b\u00f6yle bir volkanik tehlike de elbette ki var.&#8221;<\/p>\n<p>&#8220;N\u00fcfusu yava\u015f yava\u015f azaltmal\u0131y\u0131z&#8221;<br \/>\n<br \/>T\u00fcrkiye\u2019de do\u011fal kaynakl\u0131 afetlerin hala b\u00fcy\u00fck bir risk olmaya devam eti\u011fini a\u00e7\u0131klayan \u00d6nalan, &#8220;Tehlike ba\u015fka bir \u015fey, risk ba\u015fka bir \u015feydir. Biz yap\u0131la\u015fmada \u00e7ok fazla risk ald\u0131k. Hi\u00e7 yap\u0131la\u015fmaya gidilmemesi gereken yerleri imara a\u00e7t\u0131k. Bayrakl\u0131\u2019y\u0131, \u00c7i\u011fli\u2019yi imara a\u00e7t\u0131k. Buralar tar\u0131m yap\u0131lmas\u0131 gereken yerler. \u0130nciralt\u0131\u2019n\u0131 hala imara a\u00e7maya \u00e7al\u0131\u015f\u0131yoruz. T\u00fcrkiye\u2019de 24 tane kent diri faylar\u0131n\u0131n \u00fczerinde. Kentlerimiz n\u00fcfusu \u00e7ok fazla. \u0130zmir\u2019in alt yap\u0131s\u0131 4,5 milyonluk bir n\u00fcfusu ta\u015f\u0131yacak durumda de\u011fil. \u00c7ok acil olarak uzun vadede afet planlar\u0131m\u0131z\u0131 g\u00f6zden ge\u00e7irmemiz gerekiyor. 30 y\u0131l i\u00e7erisinde b\u00fcy\u00fck kentlerimizin n\u00fcfusunu yava\u015f yava\u015f azaltmam\u0131z gerekiyor. Bu n\u00fcfus yo\u011funlu\u011fu devam etti\u011fi m\u00fcddet\u00e7e, bizim afetlerle ilgili k\u0131sa vadede yapaca\u011f\u0131m\u0131z ne yaz\u0131k ki hi\u00e7bir \u015fey yok. Buna kentsel d\u00f6n\u00fc\u015f\u00fcm de dahil&#8221; diye s\u00f6zlerine ekledi.<br \/><\/p>\n","protected":false},"excerpt":{"rendered":"<p>Ege Denizi\u2019nde Santorini Adas\u0131\u2019n\u0131n kuzeydo\u011fusunda son bir hafta i\u00e7erisinde en b\u00fcy\u00fc\u011f\u00fc 4,9 olan 500\u2019\u00fcn \u00fczerinde sars\u0131nt\u0131 meydana geldi. Devam eden deprem f\u0131rt\u0131nas\u0131 ile ilgili Jeoloji M\u00fchendisleri Odas\u0131 \u0130zmir \u015eube Ba\u015fkan\u0131 \u00d6nalan, sars\u0131nt\u0131lar\u0131n bu haliyle T\u00fcrkiye\u2019ye bir tehdit olu\u015fturmad\u0131\u011f\u0131n\u0131 belirterek, &#8220;Depremin b\u00fcy\u00fckl\u00fc\u011f\u00fc 6\u2019n\u0131n \u00fczerine \u00e7\u0131kmaya ba\u015flarsa Ege k\u0131y\u0131lar\u0131m\u0131z i\u00e7in ciddi bir tehdit olabilir. K\u0131y\u0131lar\u0131m\u0131zda tsunami ya\u015fanabilir&#8221;&#8230;<\/p>\n","protected":false},"author":1,"featured_media":15291,"comment_status":"open","ping_status":"open","sticky":false,"template":"","format":"standard","meta":{"_crdt_document":"","footnotes":""},"categories":[1],"tags":[],"class_list":["post-15290","post","type-post","status-publish","format-standard","has-post-thumbnail","hentry","category-guncel"],"_links":{"self":[{"href":"https:\/\/www.egemtv.com\/index.php?rest_route=\/wp\/v2\/posts\/15290","targetHints":{"allow":["GET"]}}],"collection":[{"href":"https:\/\/www.egemtv.com\/index.php?rest_route=\/wp\/v2\/posts"}],"about":[{"href":"https:\/\/www.egemtv.com\/index.php?rest_route=\/wp\/v2\/types\/post"}],"author":[{"embeddable":true,"href":"https:\/\/www.egemtv.com\/index.php?rest_route=\/wp\/v2\/users\/1"}],"replies":[{"embeddable":true,"href":"https:\/\/www.egemtv.com\/index.php?rest_route=%2Fwp%2Fv2%2Fcomments&post=15290"}],"version-history":[{"count":1,"href":"https:\/\/www.egemtv.com\/index.php?rest_route=\/wp\/v2\/posts\/15290\/revisions"}],"predecessor-version":[{"id":15292,"href":"https:\/\/www.egemtv.com\/index.php?rest_route=\/wp\/v2\/posts\/15290\/revisions\/15292"}],"wp:featuredmedia":[{"embeddable":true,"href":"https:\/\/www.egemtv.com\/index.php?rest_route=\/wp\/v2\/media\/15291"}],"wp:attachment":[{"href":"https:\/\/www.egemtv.com\/index.php?rest_route=%2Fwp%2Fv2%2Fmedia&parent=15290"}],"wp:term":[{"taxonomy":"category","embeddable":true,"href":"https:\/\/www.egemtv.com\/index.php?rest_route=%2Fwp%2Fv2%2Fcategories&post=15290"},{"taxonomy":"post_tag","embeddable":true,"href":"https:\/\/www.egemtv.com\/index.php?rest_route=%2Fwp%2Fv2%2Ftags&post=15290"}],"curies":[{"name":"wp","href":"https:\/\/api.w.org\/{rel}","templated":true}]}}