{"id":15287,"date":"2025-02-04T12:03:11","date_gmt":"2025-02-04T09:03:11","guid":{"rendered":"https:\/\/www.egemtv.com\/?p=15287"},"modified":"2025-02-04T12:03:16","modified_gmt":"2025-02-04T09:03:16","slug":"tavsanli-cinar-spor-kulubu-u18-kiz-basketbol-takimi-kutahya-il-ikincisi-oldu","status":"publish","type":"post","link":"https:\/\/www.egemtv.com\/?p=15287","title":{"rendered":"Tav\u015fanl\u0131 \u00c7\u0131nar Spor Kul\u00fcb\u00fc U18 K\u0131z Basketbol tak\u0131m\u0131 K\u00fctahya il ikincisi oldu"},"content":{"rendered":"<p>Tav\u015fanl\u0131 \u00c7\u0131nar Spor Kul\u00fcb\u00fc U18 K\u0131z Basketbol Tak\u0131m\u0131, K\u00fctahya Dumlup\u0131nar Kapal\u0131 Spor Salonu\u2019nda d\u00fczenlenen yar\u0131\u015fmada \u00f6nemli bir ba\u015far\u0131ya imza atarak il ikincisi oldu. Bu ba\u015far\u0131, tak\u0131m\u0131n ve kul\u00fcb\u00fcn s\u0131k\u0131 \u00e7al\u0131\u015fmas\u0131n\u0131n ve azminin bir sonucu olarak de\u011ferlendiriliyor.<br \/>\n<br \/>Kul\u00fcp Ba\u015fkan\u0131 Abdullah \u00c7\u0131nar, tak\u0131m\u0131n ba\u015far\u0131s\u0131yla ilgili duygular\u0131n\u0131 ve d\u00fc\u015f\u00fcncelerini, &#8220;Sezon ba\u015f\u0131ndan bu yana s\u0131k\u0131 bir \u00e7al\u0131\u015fma ile emek sarf ederek elde etti\u011fimiz bu ba\u015far\u0131, Tav\u015fanl\u0131 halk\u0131 i\u00e7in, Tav\u015fanl\u0131\u2019daki \u00f6\u011frencilerimiz i\u00e7in bir \u00f6rnektir. Daha b\u00fcy\u00fck ba\u015far\u0131lar i\u00e7in b\u00fct\u00fcn \u00f6\u011frencilerimize kap\u0131m\u0131z a\u00e7\u0131k. Herkesi bu ve benzeri yeni ba\u015far\u0131lara ortak olmaya davet ediyorum&#8221; \u015fekilde dile getirdi.<br \/>\n<br \/>Kul\u00fcp Ba\u015fkan\u0131 Abdullah \u00c7\u0131nar, Kul\u00fcp, sporcular\u0131n yeteneklerini geli\u015ftirmeye, onlara daha iyi imkanlar sunmaya ve T\u00fcrk sporuna katk\u0131da bulunmaya devam edece\u011fi ifade etti.<br \/>\n<br \/>Tav\u015fanl\u0131 \u00c7\u0131nar Spor Kul\u00fcb\u00fc, elde etti\u011fi bu ba\u015far\u0131y\u0131 bir ba\u015flang\u0131\u00e7 olarak g\u00f6r\u00fcyor ve gelecekte daha b\u00fcy\u00fck hedeflere ula\u015fmay\u0131 ama\u00e7l\u0131yor.<br \/><\/p>\n","protected":false},"excerpt":{"rendered":"<p>Tav\u015fanl\u0131 \u00c7\u0131nar Spor Kul\u00fcb\u00fc U18 K\u0131z Basketbol Tak\u0131m\u0131, K\u00fctahya Dumlup\u0131nar Kapal\u0131 Spor Salonu\u2019nda d\u00fczenlenen yar\u0131\u015fmada \u00f6nemli bir ba\u015far\u0131ya imza atarak il ikincisi oldu. Bu ba\u015far\u0131, tak\u0131m\u0131n ve kul\u00fcb\u00fcn s\u0131k\u0131 \u00e7al\u0131\u015fmas\u0131n\u0131n ve azminin bir sonucu olarak de\u011ferlendiriliyor. Kul\u00fcp Ba\u015fkan\u0131 Abdullah \u00c7\u0131nar, tak\u0131m\u0131n ba\u015far\u0131s\u0131yla ilgili duygular\u0131n\u0131 ve d\u00fc\u015f\u00fcncelerini, &#8220;Sezon ba\u015f\u0131ndan bu yana s\u0131k\u0131 bir \u00e7al\u0131\u015fma ile emek&#8230;<\/p>\n","protected":false},"author":1,"featured_media":15288,"comment_status":"open","ping_status":"open","sticky":false,"template":"","format":"standard","meta":{"_crdt_document":"","footnotes":""},"categories":[4],"tags":[],"class_list":["post-15287","post","type-post","status-publish","format-standard","has-post-thumbnail","hentry","category-spor"],"_links":{"self":[{"href":"https:\/\/www.egemtv.com\/index.php?rest_route=\/wp\/v2\/posts\/15287","targetHints":{"allow":["GET"]}}],"collection":[{"href":"https:\/\/www.egemtv.com\/index.php?rest_route=\/wp\/v2\/posts"}],"about":[{"href":"https:\/\/www.egemtv.com\/index.php?rest_route=\/wp\/v2\/types\/post"}],"author":[{"embeddable":true,"href":"https:\/\/www.egemtv.com\/index.php?rest_route=\/wp\/v2\/users\/1"}],"replies":[{"embeddable":true,"href":"https:\/\/www.egemtv.com\/index.php?rest_route=%2Fwp%2Fv2%2Fcomments&post=15287"}],"version-history":[{"count":1,"href":"https:\/\/www.egemtv.com\/index.php?rest_route=\/wp\/v2\/posts\/15287\/revisions"}],"predecessor-version":[{"id":15289,"href":"https:\/\/www.egemtv.com\/index.php?rest_route=\/wp\/v2\/posts\/15287\/revisions\/15289"}],"wp:featuredmedia":[{"embeddable":true,"href":"https:\/\/www.egemtv.com\/index.php?rest_route=\/wp\/v2\/media\/15288"}],"wp:attachment":[{"href":"https:\/\/www.egemtv.com\/index.php?rest_route=%2Fwp%2Fv2%2Fmedia&parent=15287"}],"wp:term":[{"taxonomy":"category","embeddable":true,"href":"https:\/\/www.egemtv.com\/index.php?rest_route=%2Fwp%2Fv2%2Fcategories&post=15287"},{"taxonomy":"post_tag","embeddable":true,"href":"https:\/\/www.egemtv.com\/index.php?rest_route=%2Fwp%2Fv2%2Ftags&post=15287"}],"curies":[{"name":"wp","href":"https:\/\/api.w.org\/{rel}","templated":true}]}}