{"id":15284,"date":"2025-02-04T12:00:26","date_gmt":"2025-02-04T09:00:26","guid":{"rendered":"https:\/\/www.egemtv.com\/?p=15284"},"modified":"2025-02-04T12:00:31","modified_gmt":"2025-02-04T09:00:31","slug":"kamuda-ise-aldiracagiz-vaadiyle-212-kisiyi-dolandirdilar","status":"publish","type":"post","link":"https:\/\/www.egemtv.com\/?p=15284","title":{"rendered":"&#8220;Kamuda i\u015fe ald\u0131raca\u011f\u0131z&#8221; vaadiyle 212 ki\u015fiyi doland\u0131rd\u0131lar"},"content":{"rendered":"<p>Jandarma Genel Komutanl\u0131\u011f\u0131 Ka\u00e7ak\u00e7\u0131l\u0131k ve Organize Su\u00e7larla M\u00fccadele Daire Ba\u015fkanl\u0131\u011f\u0131 ile Manisa \u0130l Jandarma Komutanl\u0131\u011f\u0131 taraf\u0131ndan Manisa merkezli 10 ilde e\u015f zamanl\u0131 d\u00fczenlenen operasyonda 212 ki\u015fiyi milyonlarca lira doland\u0131ran &#8220;S\u00f6nmezler&#8221; su\u00e7 \u00f6rg\u00fct\u00fc \u00e7\u00f6kertildi. 17 \u015f\u00fcphelinin adliyeye sevk edildi\u011fi 11\u2019inin tutukland\u0131\u011f\u0131 operasyonda \u00f6rg\u00fct eleba\u015f\u0131 olan \u015f\u00fcphelinin &#8220;Korgeneral&#8221; lakapl\u0131 oldu\u011fu ve \u00fcst d\u00fczey \u00f6rg\u00fct y\u00f6neticilerinin de &#8220;Albay&#8221; lakapl\u0131 oldu\u011fu \u00f6\u011frenilirken \u00e7ok say\u0131da askeri kamuflaj ve sahte rozet ile kimlik ele ge\u00e7irildi.<br \/>\n<br \/>Manisa \u0130l Jandarma Komutanl\u0131\u011f\u0131na ba\u011fl\u0131 ekipler ile Jandarma Genel Komutanl\u0131\u011f\u0131 Ka\u00e7ak\u00e7\u0131l\u0131k ve Organize Su\u00e7larla M\u00fccadele Daire Ba\u015fkanl\u0131\u011f\u0131na ba\u011fl\u0131 ekipler, &#8220;S\u00f6nmezler&#8221; adl\u0131 su\u00e7 \u00f6rg\u00fct\u00fcn\u00fc 8 ayl\u0131k takibe ald\u0131. Eleba\u015f\u0131l\u0131\u011f\u0131n\u0131 &#8220;Korgeneral&#8221; lakapl\u0131 M.S.\u2019nin yapt\u0131\u011f\u0131 \u00f6rg\u00fct\u00fcn kendilerini korgeneral ve albay r\u00fctbelerinde askeri personel gibi tan\u0131tarak, aralar\u0131nda doktor, avukat, engelli, milli sporcu, \u015fehit yak\u0131n\u0131 ve gazilerin de bulundu\u011fu 212 ma\u011fdur vatanda\u015f\u0131, Milli \u0130stihbarat Te\u015fkilat\u0131 (M\u0130T) mensubu yapmak, kamu kurumlar\u0131nda g\u00f6rev vermek ya da g\u00f6revde y\u00fckselmesini sa\u011flamak vaadiyle doland\u0131rd\u0131\u011f\u0131 tespit edildi. 155 milyon liral\u0131k geliri aklad\u0131\u011f\u0131 belirlenen \u015f\u00fcphelilere e\u015f zamanl\u0131 operasyon d\u00fczenlendi.<br \/>\n<br \/>Manisa merkezli, \u0130stanbul, \u0130zmir, Ankara, Antalya, Mersin, Mu\u011fla, Bursa, K\u00fctahya, U\u015fak olmak \u00fczere 10 ilde d\u00fczenlenen operasyonlarda aralar\u0131nda &#8220;Korgeneral&#8221; lakapl\u0131 \u00f6rg\u00fct eleba\u015f\u0131 M.S. ile &#8220;Albay&#8221; lakapl\u0131 \u00f6rg\u00fct gelirinin topland\u0131\u011f\u0131 y\u00f6neticiler M.A. ve A.U.\u2019nun da bulundu\u011fu 17 \u015f\u00fcpheli g\u00f6zalt\u0131na al\u0131nd\u0131.<\/p>\n<p>M\u0130T ad\u0131na d\u00fczenlenmi\u015f sahte evraklar ele ge\u00e7irildi<br \/>\n<br \/>\u015e\u00fcphelilerin adreslerinde yap\u0131lan aramalarda, \u00f6rg\u00fct ma\u011fdurlar\u0131na ait 114 adli sicil kayd\u0131, 117 diploma fotokopisi, 136 kimlik fotokopisi, 244 i\u015f ba\u015fvuru belgesi, bin 121 vesikal\u0131k, 3 g\u00fcvenlik soru\u015fturmas\u0131, 55 sa\u011fl\u0131k raporunun yan\u0131 s\u0131ra 10 askeri kamuflaj, aralar\u0131nda Cumhurba\u015fkanl\u0131\u011f\u0131, M\u0130T, T\u00fcrkiye Cumhuriyet Merkez Bankas\u0131\u2019n\u0131n da bulundu\u011fu kurumlar ad\u0131na d\u00fczenlenmi\u015f 362 sahte evrak, 2 sahte kimlik, 2 jandarma armal\u0131 c\u00fczdan, 2 sahte askeri takdir belgesi, kelep\u00e7e, rozet, ka\u015fe, 3 ruhsats\u0131z tabanca, 548 mermi, 14 harici bellek, 18 cep telefonu, 7 diz\u00fcst\u00fc bilgisayar, 38 tarihi sikke ile 9 haf\u0131za kart\u0131 ele ge\u00e7irildi.<br \/>\n<br \/>\u00d6te yandan \u00f6rg\u00fct taraf\u0131ndan, &#8220;Su\u00e7tan Kaynaklanan Mal Varl\u0131\u011f\u0131 De\u011ferlerinin Aklanmas\u0131&#8221; su\u00e7u kapsam\u0131nda kulland\u0131\u011f\u0131 tespit edilen 150 banka hesab\u0131na, 6 ara\u00e7 ve 5 ta\u015f\u0131nmaza da el konuldu.<br \/>\n<br \/>Manisa \u0130l Jandarma Komutanl\u0131\u011f\u0131\u2019nda i\u015flemleri tamamlanan 17 \u015f\u00fcpheli, sa\u011fl\u0131k kontrol\u00fcnden ge\u00e7irildikten sonra adliyeye sevk edildi.<br \/>\n<br \/>\u015e\u00fcphelilerden 2\u2019si savc\u0131l\u0131k sorgusunun ard\u0131ndan serbest b\u0131rak\u0131ld\u0131. Zanl\u0131lardan 11\u2019i \u00e7\u0131kar\u0131ld\u0131\u011f\u0131 hakimlik\u00e7e tutukland\u0131, 4\u2019\u00fc ise adli kontrol \u015fart\u0131yla sal\u0131verildi.<br \/><\/p>\n","protected":false},"excerpt":{"rendered":"<p>Jandarma Genel Komutanl\u0131\u011f\u0131 Ka\u00e7ak\u00e7\u0131l\u0131k ve Organize Su\u00e7larla M\u00fccadele Daire Ba\u015fkanl\u0131\u011f\u0131 ile Manisa \u0130l Jandarma Komutanl\u0131\u011f\u0131 taraf\u0131ndan Manisa merkezli 10 ilde e\u015f zamanl\u0131 d\u00fczenlenen operasyonda 212 ki\u015fiyi milyonlarca lira doland\u0131ran &#8220;S\u00f6nmezler&#8221; su\u00e7 \u00f6rg\u00fct\u00fc \u00e7\u00f6kertildi. 17 \u015f\u00fcphelinin adliyeye sevk edildi\u011fi 11\u2019inin tutukland\u0131\u011f\u0131 operasyonda \u00f6rg\u00fct eleba\u015f\u0131 olan \u015f\u00fcphelinin &#8220;Korgeneral&#8221; lakapl\u0131 oldu\u011fu ve \u00fcst d\u00fczey \u00f6rg\u00fct y\u00f6neticilerinin de &#8220;Albay&#8221;&#8230;<\/p>\n","protected":false},"author":1,"featured_media":15285,"comment_status":"open","ping_status":"open","sticky":false,"template":"","format":"standard","meta":{"_crdt_document":"","footnotes":""},"categories":[5],"tags":[],"class_list":["post-15284","post","type-post","status-publish","format-standard","has-post-thumbnail","hentry","category-asayis"],"_links":{"self":[{"href":"https:\/\/www.egemtv.com\/index.php?rest_route=\/wp\/v2\/posts\/15284","targetHints":{"allow":["GET"]}}],"collection":[{"href":"https:\/\/www.egemtv.com\/index.php?rest_route=\/wp\/v2\/posts"}],"about":[{"href":"https:\/\/www.egemtv.com\/index.php?rest_route=\/wp\/v2\/types\/post"}],"author":[{"embeddable":true,"href":"https:\/\/www.egemtv.com\/index.php?rest_route=\/wp\/v2\/users\/1"}],"replies":[{"embeddable":true,"href":"https:\/\/www.egemtv.com\/index.php?rest_route=%2Fwp%2Fv2%2Fcomments&post=15284"}],"version-history":[{"count":1,"href":"https:\/\/www.egemtv.com\/index.php?rest_route=\/wp\/v2\/posts\/15284\/revisions"}],"predecessor-version":[{"id":15286,"href":"https:\/\/www.egemtv.com\/index.php?rest_route=\/wp\/v2\/posts\/15284\/revisions\/15286"}],"wp:featuredmedia":[{"embeddable":true,"href":"https:\/\/www.egemtv.com\/index.php?rest_route=\/wp\/v2\/media\/15285"}],"wp:attachment":[{"href":"https:\/\/www.egemtv.com\/index.php?rest_route=%2Fwp%2Fv2%2Fmedia&parent=15284"}],"wp:term":[{"taxonomy":"category","embeddable":true,"href":"https:\/\/www.egemtv.com\/index.php?rest_route=%2Fwp%2Fv2%2Fcategories&post=15284"},{"taxonomy":"post_tag","embeddable":true,"href":"https:\/\/www.egemtv.com\/index.php?rest_route=%2Fwp%2Fv2%2Ftags&post=15284"}],"curies":[{"name":"wp","href":"https:\/\/api.w.org\/{rel}","templated":true}]}}