{"id":15278,"date":"2025-02-04T11:56:53","date_gmt":"2025-02-04T08:56:53","guid":{"rendered":"https:\/\/www.egemtv.com\/?p=15278"},"modified":"2025-02-04T11:56:58","modified_gmt":"2025-02-04T08:56:58","slug":"honaz-belediyesi-ahiska-turkleri-icin-sosyal-tesis-insa-ediyor","status":"publish","type":"post","link":"https:\/\/www.egemtv.com\/?p=15278","title":{"rendered":"Honaz Belediyesi, Ah\u0131ska T\u00fcrkleri i\u00e7in sosyal tesis in\u015fa ediyor"},"content":{"rendered":"<p>Honaz Belediyesi, H\u00fcrriyet Mahallesi\u2019nde yap\u0131m\u0131na ba\u015flanacak olan Ah\u0131ska Park\u0131 Sosyal Tesisinin temeli, b\u00fcy\u00fck bir co\u015fku ve halk\u0131n yo\u011fun kat\u0131l\u0131m\u0131yla at\u0131ld\u0131. Temelin at\u0131ld\u0131\u011f\u0131 Ah\u0131ska Park\u0131\u2019n\u0131n k\u00fclt\u00fcrel ve sosyal etkinliklerin ev sahipli\u011fi yapaca\u011f\u0131 ve \u00f6nemli bir alan olaca\u011f\u0131n\u0131 belirten Honaz Belediye Ba\u015fkan\u0131 Y\u00fcksel Kepenek; &#8220;Honaz\u2019\u0131m\u0131za de\u011fer katmaya devam ediyoruz. Bizim amac\u0131m\u0131z, halk\u0131m\u0131za hizmet etmek, ya\u015fam kalitelerini artt\u0131rmak ve her daim onlar\u0131n yan\u0131nda olmak&#8221; dedi.<\/p>\n<p>Honaz Belediyesi, sosyal tesis ve a\u00e7\u0131l\u0131\u015flar\u0131n\u0131 h\u0131z kesmeden devam ediyor. Honaz Belediyesi, H\u00fcrriyet Mahallesi\u2019nde yap\u0131m\u0131na ba\u015flanacak olan Ah\u0131ska Park\u0131 Sosyal Tesisinin temeli, b\u00fcy\u00fck bir co\u015fku ve halk\u0131n yo\u011fun kat\u0131l\u0131m\u0131yla at\u0131ld\u0131. T\u00f6rende konu\u015fan Honaz Belediye Ba\u015fkan\u0131 Y\u00fcksel Kepenek, projeyle ilgili duygular\u0131n\u0131 payla\u015farak, sosyal tesisin mahalle halk\u0131n\u0131n sosyal ya\u015fam\u0131na b\u00fcy\u00fck katk\u0131 sa\u011flayaca\u011f\u0131n\u0131 vurgulad\u0131. Temel atma t\u00f6renine; Honaz Belediye Ba\u015fkan\u0131 Y\u00fcksel Kepenek, \u00f6rg\u00fct \u00fcyeleri ve vatanda\u015flar\u0131n yo\u011fun kat\u0131l\u0131m\u0131 ile ger\u00e7ekle\u015ftirildi.<\/p>\n<p>&#8220;Honaz\u2019\u0131m\u0131za de\u011fer katmaya devam edece\u011fiz&#8221;<br \/>\n<br \/>Yap\u0131lan projenin k\u00fclt\u00fcrel ve sosyal etkinliklere ev sahipli\u011fi yapaca\u011f\u0131n\u0131 ve \u00f6nemli bir alan olaca\u011f\u0131n\u0131 dile getiren Ba\u015fkan Kepenek, &#8220;Bug\u00fcn, Honaz\u2019\u0131m\u0131za de\u011fer katacak bir projeyi daha hayata ge\u00e7irmek i\u00e7in buraday\u0131z. Ah\u0131ska Park\u0131 Sosyal Tesisi, sadece bir park de\u011fil, H\u00fcrriyet Mahallesi sakinlerimizin bir araya gelip zaman ge\u00e7irebilece\u011fi, k\u00fclt\u00fcrel ve sosyal etkinliklere ev sahipli\u011fi yapacak \u00f6nemli bir alan olacak. Halk\u0131m\u0131z\u0131n ihtiya\u00e7lar\u0131na duyarl\u0131 bir belediye olarak, her zaman onlar\u0131n yan\u0131nda olmaya devam edece\u011fiz&#8221; dedi.<\/p>\n<p>&#8220;Bizim amac\u0131m\u0131z halk\u0131m\u0131za hizmet etmek&#8221;<br \/>\n<br \/>Projenin, \u00f6zellikle gen\u00e7ler ve \u00e7ocuklar i\u00e7in b\u00fcy\u00fck \u00f6nem ta\u015f\u0131d\u0131\u011f\u0131n\u0131 belirten Ba\u015fkan Kepenek, &#8220;Bu park\u0131n i\u00e7erisinde yer alacak olan spor alanlar\u0131, oyun alanlar\u0131 ve sosyal alanlar, H\u00fcrriyet Mahallesi\u2019nin sosyal dokusuna b\u00fcy\u00fck katk\u0131 sa\u011flayacak. Bizim amac\u0131m\u0131z, halk\u0131m\u0131za hizmet etmek, ya\u015fam kalitelerini artt\u0131rmak ve her daim onlar\u0131n yan\u0131nda olmak&#8221; diye konu\u015ftu.<\/p>\n<p>Ah\u0131ska Park\u0131, Honaz il\u00e7esinin modernle\u015fme s\u00fcrecinde \u00f6nemli bir ad\u0131m olarak \u00f6ne \u00e7\u0131karken, b\u00f6lge halk\u0131 projeye b\u00fcy\u00fck ilgi g\u00f6sterdi. T\u00f6renin sonunda, kat\u0131l\u0131mc\u0131lara te\u015fekk\u00fcr eden Ba\u015fkan Kepenek, park\u0131n in\u015faat\u0131n\u0131n h\u0131zla tamamlanaca\u011f\u0131 m\u00fcjdesini vererek, t\u00fcm Honaz halk\u0131n\u0131 bir arada bulu\u015fturacak bu \u00f6nemli projenin tamamlanmas\u0131 i\u00e7in sab\u0131rs\u0131zland\u0131klar\u0131n\u0131 belirtti.<br \/><\/p>\n","protected":false},"excerpt":{"rendered":"<p>Honaz Belediyesi, H\u00fcrriyet Mahallesi\u2019nde yap\u0131m\u0131na ba\u015flanacak olan Ah\u0131ska Park\u0131 Sosyal Tesisinin temeli, b\u00fcy\u00fck bir co\u015fku ve halk\u0131n yo\u011fun kat\u0131l\u0131m\u0131yla at\u0131ld\u0131. Temelin at\u0131ld\u0131\u011f\u0131 Ah\u0131ska Park\u0131\u2019n\u0131n k\u00fclt\u00fcrel ve sosyal etkinliklerin ev sahipli\u011fi yapaca\u011f\u0131 ve \u00f6nemli bir alan olaca\u011f\u0131n\u0131 belirten Honaz Belediye Ba\u015fkan\u0131 Y\u00fcksel Kepenek; &#8220;Honaz\u2019\u0131m\u0131za de\u011fer katmaya devam ediyoruz. Bizim amac\u0131m\u0131z, halk\u0131m\u0131za hizmet etmek, ya\u015fam kalitelerini artt\u0131rmak&#8230;<\/p>\n","protected":false},"author":1,"featured_media":15279,"comment_status":"open","ping_status":"open","sticky":false,"template":"","format":"standard","meta":{"_crdt_document":"","footnotes":""},"categories":[1],"tags":[],"class_list":["post-15278","post","type-post","status-publish","format-standard","has-post-thumbnail","hentry","category-guncel"],"_links":{"self":[{"href":"https:\/\/www.egemtv.com\/index.php?rest_route=\/wp\/v2\/posts\/15278","targetHints":{"allow":["GET"]}}],"collection":[{"href":"https:\/\/www.egemtv.com\/index.php?rest_route=\/wp\/v2\/posts"}],"about":[{"href":"https:\/\/www.egemtv.com\/index.php?rest_route=\/wp\/v2\/types\/post"}],"author":[{"embeddable":true,"href":"https:\/\/www.egemtv.com\/index.php?rest_route=\/wp\/v2\/users\/1"}],"replies":[{"embeddable":true,"href":"https:\/\/www.egemtv.com\/index.php?rest_route=%2Fwp%2Fv2%2Fcomments&post=15278"}],"version-history":[{"count":1,"href":"https:\/\/www.egemtv.com\/index.php?rest_route=\/wp\/v2\/posts\/15278\/revisions"}],"predecessor-version":[{"id":15280,"href":"https:\/\/www.egemtv.com\/index.php?rest_route=\/wp\/v2\/posts\/15278\/revisions\/15280"}],"wp:featuredmedia":[{"embeddable":true,"href":"https:\/\/www.egemtv.com\/index.php?rest_route=\/wp\/v2\/media\/15279"}],"wp:attachment":[{"href":"https:\/\/www.egemtv.com\/index.php?rest_route=%2Fwp%2Fv2%2Fmedia&parent=15278"}],"wp:term":[{"taxonomy":"category","embeddable":true,"href":"https:\/\/www.egemtv.com\/index.php?rest_route=%2Fwp%2Fv2%2Fcategories&post=15278"},{"taxonomy":"post_tag","embeddable":true,"href":"https:\/\/www.egemtv.com\/index.php?rest_route=%2Fwp%2Fv2%2Ftags&post=15278"}],"curies":[{"name":"wp","href":"https:\/\/api.w.org\/{rel}","templated":true}]}}