{"id":15272,"date":"2025-02-04T11:51:48","date_gmt":"2025-02-04T08:51:48","guid":{"rendered":"https:\/\/www.egemtv.com\/?p=15272"},"modified":"2025-02-04T11:51:54","modified_gmt":"2025-02-04T08:51:54","slug":"uyusturucu-ticareti-yapma-sucundan-aranan-sahsi-polis-yakaladi","status":"publish","type":"post","link":"https:\/\/www.egemtv.com\/?p=15272","title":{"rendered":"Uyu\u015fturucu ticareti yapma su\u00e7undan aranan \u015fahs\u0131 polis yakalad\u0131"},"content":{"rendered":"<p>Afyonkarahisar\u2019da uyu\u015fturucu ticareti yapma su\u00e7undan 11 y\u0131l 1 ay 10 g\u00fcn hapis cezas\u0131yla aranan \u015fah\u0131s polis taraf\u0131ndan yakaland\u0131.<br \/>\n<br \/>Edinilen bilgilere g\u00f6re, Afyonkarahisar \u0130l Emniyet M\u00fcd\u00fcrl\u00fc\u011f\u00fc ekipleri aranan \u015fah\u0131slar\u0131n yakalanmas\u0131na y\u00f6nelik \u00e7al\u0131\u015fma yapt\u0131. Yap\u0131lan incelemelerde A.K., isimli \u015fahs\u0131n uyu\u015fturucu madde ticareti yapmak su\u00e7undan 11 y\u0131l 1 ay 10 g\u00fcn hapis cezas\u0131yla arand\u0131\u011f\u0131 tespit edildi. Ard\u0131ndan \u015fahs\u0131n pe\u015fine d\u00fc\u015fen ekipler \u015f\u00fcpheliyi kent merkezinde yakalayarak g\u00f6zalt\u0131na ald\u0131. \u015eah\u0131s i\u015flemleri sonras\u0131 sevk edildi\u011fi mahkeme taraf\u0131ndan tutuklanarak cezaevine g\u00f6nderildi.<br \/><\/p>\n","protected":false},"excerpt":{"rendered":"<p>Afyonkarahisar\u2019da uyu\u015fturucu ticareti yapma su\u00e7undan 11 y\u0131l 1 ay 10 g\u00fcn hapis cezas\u0131yla aranan \u015fah\u0131s polis taraf\u0131ndan yakaland\u0131. Edinilen bilgilere g\u00f6re, Afyonkarahisar \u0130l Emniyet M\u00fcd\u00fcrl\u00fc\u011f\u00fc ekipleri aranan \u015fah\u0131slar\u0131n yakalanmas\u0131na y\u00f6nelik \u00e7al\u0131\u015fma yapt\u0131. Yap\u0131lan incelemelerde A.K., isimli \u015fahs\u0131n uyu\u015fturucu madde ticareti yapmak su\u00e7undan 11 y\u0131l 1 ay 10 g\u00fcn hapis cezas\u0131yla arand\u0131\u011f\u0131 tespit edildi. Ard\u0131ndan \u015fahs\u0131n&#8230;<\/p>\n","protected":false},"author":1,"featured_media":15273,"comment_status":"open","ping_status":"open","sticky":false,"template":"","format":"standard","meta":{"_crdt_document":"","footnotes":""},"categories":[5],"tags":[],"class_list":["post-15272","post","type-post","status-publish","format-standard","has-post-thumbnail","hentry","category-asayis"],"_links":{"self":[{"href":"https:\/\/www.egemtv.com\/index.php?rest_route=\/wp\/v2\/posts\/15272","targetHints":{"allow":["GET"]}}],"collection":[{"href":"https:\/\/www.egemtv.com\/index.php?rest_route=\/wp\/v2\/posts"}],"about":[{"href":"https:\/\/www.egemtv.com\/index.php?rest_route=\/wp\/v2\/types\/post"}],"author":[{"embeddable":true,"href":"https:\/\/www.egemtv.com\/index.php?rest_route=\/wp\/v2\/users\/1"}],"replies":[{"embeddable":true,"href":"https:\/\/www.egemtv.com\/index.php?rest_route=%2Fwp%2Fv2%2Fcomments&post=15272"}],"version-history":[{"count":1,"href":"https:\/\/www.egemtv.com\/index.php?rest_route=\/wp\/v2\/posts\/15272\/revisions"}],"predecessor-version":[{"id":15274,"href":"https:\/\/www.egemtv.com\/index.php?rest_route=\/wp\/v2\/posts\/15272\/revisions\/15274"}],"wp:featuredmedia":[{"embeddable":true,"href":"https:\/\/www.egemtv.com\/index.php?rest_route=\/wp\/v2\/media\/15273"}],"wp:attachment":[{"href":"https:\/\/www.egemtv.com\/index.php?rest_route=%2Fwp%2Fv2%2Fmedia&parent=15272"}],"wp:term":[{"taxonomy":"category","embeddable":true,"href":"https:\/\/www.egemtv.com\/index.php?rest_route=%2Fwp%2Fv2%2Fcategories&post=15272"},{"taxonomy":"post_tag","embeddable":true,"href":"https:\/\/www.egemtv.com\/index.php?rest_route=%2Fwp%2Fv2%2Ftags&post=15272"}],"curies":[{"name":"wp","href":"https:\/\/api.w.org\/{rel}","templated":true}]}}