{"id":15269,"date":"2025-02-04T11:47:31","date_gmt":"2025-02-04T08:47:31","guid":{"rendered":"https:\/\/www.egemtv.com\/?p=15269"},"modified":"2025-02-04T11:47:40","modified_gmt":"2025-02-04T08:47:40","slug":"polis-duzenledigi-operasyonda-uyusturucu-maddeler-ele-gecirdi","status":"publish","type":"post","link":"https:\/\/www.egemtv.com\/?p=15269","title":{"rendered":"Polis d\u00fczenledi\u011fi operasyonda uyu\u015fturucu maddeler ele ge\u00e7irdi"},"content":{"rendered":"<p>Afyonkarahisar\u2019da polis taraf\u0131ndan d\u00fczenlenen operasyonda uyu\u015fturucu maddeler ile yakalanan \u015fah\u0131s tutuklanarak cezaevine g\u00f6nderildi.<br \/>\n<br \/>Edinilen bilgilere g\u00f6re, Afyonkarahisar \u0130l Emniyet M\u00fcd\u00fcrl\u00fc\u011f\u00fc ekipleri uyu\u015fturucu ticareti yapt\u0131\u011f\u0131 iddia edilen A.E., isimli bir \u015fahs\u0131 takibe ald\u0131. Ard\u0131ndan operasyon yapan ekipler \u015fahs\u0131 g\u00f6zalt\u0131na al\u0131rken, 77 gram uyu\u015fturucu madde ve 1 adet uyu\u015fturucu madde ele ge\u00e7irdi. G\u00f6zalt\u0131na al\u0131nan \u015fah\u0131s tutuklanarak cezaevine g\u00f6nderildi.<br \/><\/p>\n","protected":false},"excerpt":{"rendered":"<p>Afyonkarahisar\u2019da polis taraf\u0131ndan d\u00fczenlenen operasyonda uyu\u015fturucu maddeler ile yakalanan \u015fah\u0131s tutuklanarak cezaevine g\u00f6nderildi. Edinilen bilgilere g\u00f6re, Afyonkarahisar \u0130l Emniyet M\u00fcd\u00fcrl\u00fc\u011f\u00fc ekipleri uyu\u015fturucu ticareti yapt\u0131\u011f\u0131 iddia edilen A.E., isimli bir \u015fahs\u0131 takibe ald\u0131. Ard\u0131ndan operasyon yapan ekipler \u015fahs\u0131 g\u00f6zalt\u0131na al\u0131rken, 77 gram uyu\u015fturucu madde ve 1 adet uyu\u015fturucu madde ele ge\u00e7irdi. G\u00f6zalt\u0131na al\u0131nan \u015fah\u0131s tutuklanarak cezaevine&#8230;<\/p>\n","protected":false},"author":1,"featured_media":15270,"comment_status":"open","ping_status":"open","sticky":false,"template":"","format":"standard","meta":{"_crdt_document":"","footnotes":""},"categories":[5],"tags":[],"class_list":["post-15269","post","type-post","status-publish","format-standard","has-post-thumbnail","hentry","category-asayis"],"_links":{"self":[{"href":"https:\/\/www.egemtv.com\/index.php?rest_route=\/wp\/v2\/posts\/15269","targetHints":{"allow":["GET"]}}],"collection":[{"href":"https:\/\/www.egemtv.com\/index.php?rest_route=\/wp\/v2\/posts"}],"about":[{"href":"https:\/\/www.egemtv.com\/index.php?rest_route=\/wp\/v2\/types\/post"}],"author":[{"embeddable":true,"href":"https:\/\/www.egemtv.com\/index.php?rest_route=\/wp\/v2\/users\/1"}],"replies":[{"embeddable":true,"href":"https:\/\/www.egemtv.com\/index.php?rest_route=%2Fwp%2Fv2%2Fcomments&post=15269"}],"version-history":[{"count":1,"href":"https:\/\/www.egemtv.com\/index.php?rest_route=\/wp\/v2\/posts\/15269\/revisions"}],"predecessor-version":[{"id":15271,"href":"https:\/\/www.egemtv.com\/index.php?rest_route=\/wp\/v2\/posts\/15269\/revisions\/15271"}],"wp:featuredmedia":[{"embeddable":true,"href":"https:\/\/www.egemtv.com\/index.php?rest_route=\/wp\/v2\/media\/15270"}],"wp:attachment":[{"href":"https:\/\/www.egemtv.com\/index.php?rest_route=%2Fwp%2Fv2%2Fmedia&parent=15269"}],"wp:term":[{"taxonomy":"category","embeddable":true,"href":"https:\/\/www.egemtv.com\/index.php?rest_route=%2Fwp%2Fv2%2Fcategories&post=15269"},{"taxonomy":"post_tag","embeddable":true,"href":"https:\/\/www.egemtv.com\/index.php?rest_route=%2Fwp%2Fv2%2Ftags&post=15269"}],"curies":[{"name":"wp","href":"https:\/\/api.w.org\/{rel}","templated":true}]}}