{"id":15248,"date":"2025-02-04T11:19:51","date_gmt":"2025-02-04T08:19:51","guid":{"rendered":"https:\/\/www.egemtv.com\/?p=15248"},"modified":"2025-02-04T11:19:58","modified_gmt":"2025-02-04T08:19:58","slug":"milasta-cok-sayida-tufek-ve-kurusiki-tabanca-ele-gecirildi","status":"publish","type":"post","link":"https:\/\/www.egemtv.com\/?p=15248","title":{"rendered":"Milas\u2019ta \u00e7ok say\u0131da t\u00fcfek ve kurus\u0131k\u0131 tabanca ele ge\u00e7irildi"},"content":{"rendered":"<p>Mu\u011fla \u0130l Jandarma Komutanl\u0131\u011f\u0131 ekipleri taraf\u0131ndan Milas il\u00e7esinde av bayii i\u015fyeri ve evinde ger\u00e7ekle\u015ftirilen aramada, \u00e7ok say\u0131da ruhsats\u0131z t\u00fcfek ve kurus\u0131k\u0131 tabanca ele ge\u00e7irildi.<br \/>\n<br \/>Milas \u0130l\u00e7esi Selimiye Mahallesinde ikamet eden N.T.H. isimli \u015fahs\u0131n i\u015fletti\u011fi av bayii ve ikametinde Jandarma \u0130stihbarat ve KOM \u015eube M\u00fcd\u00fcrl\u00fckleri ile Milas \u0130l\u00e7e Jandarma Komutanl\u0131\u011f\u0131 ekipleri taraf\u0131ndan arama yap\u0131ld\u0131. Yap\u0131lan aramada; 13 adet uzun dip\u00e7ik ruhsats\u0131z yar\u0131 otomatik av t\u00fcfe\u011fi, 2 adet k\u0131sa dip\u00e7ik ruhsats\u0131z yar\u0131 otomatik av t\u00fcfe\u011fi, 15 adet tek k\u0131rma ruhsats\u0131z av t\u00fcfe\u011fi, 3 adet ruhsats\u0131z av t\u00fcfe\u011fi, 12 adet faturas\u0131z kurus\u0131k\u0131 tabanca ele ge\u00e7irildi.<br \/>\n<br \/>Milas Cumhuriyet Ba\u015fsavc\u0131l\u0131\u011f\u0131nca y\u00fcr\u00fct\u00fclen faaliyet ile ilgili adli i\u015flemlere ba\u015flan\u0131ld\u0131\u011f\u0131 a\u00e7\u0131kland\u0131.<br \/><\/p>\n","protected":false},"excerpt":{"rendered":"<p>Mu\u011fla \u0130l Jandarma Komutanl\u0131\u011f\u0131 ekipleri taraf\u0131ndan Milas il\u00e7esinde av bayii i\u015fyeri ve evinde ger\u00e7ekle\u015ftirilen aramada, \u00e7ok say\u0131da ruhsats\u0131z t\u00fcfek ve kurus\u0131k\u0131 tabanca ele ge\u00e7irildi. Milas \u0130l\u00e7esi Selimiye Mahallesinde ikamet eden N.T.H. isimli \u015fahs\u0131n i\u015fletti\u011fi av bayii ve ikametinde Jandarma \u0130stihbarat ve KOM \u015eube M\u00fcd\u00fcrl\u00fckleri ile Milas \u0130l\u00e7e Jandarma Komutanl\u0131\u011f\u0131 ekipleri taraf\u0131ndan arama yap\u0131ld\u0131. Yap\u0131lan aramada;&#8230;<\/p>\n","protected":false},"author":1,"featured_media":15249,"comment_status":"open","ping_status":"open","sticky":false,"template":"","format":"standard","meta":{"_crdt_document":"","footnotes":""},"categories":[5],"tags":[],"class_list":["post-15248","post","type-post","status-publish","format-standard","has-post-thumbnail","hentry","category-asayis"],"_links":{"self":[{"href":"https:\/\/www.egemtv.com\/index.php?rest_route=\/wp\/v2\/posts\/15248","targetHints":{"allow":["GET"]}}],"collection":[{"href":"https:\/\/www.egemtv.com\/index.php?rest_route=\/wp\/v2\/posts"}],"about":[{"href":"https:\/\/www.egemtv.com\/index.php?rest_route=\/wp\/v2\/types\/post"}],"author":[{"embeddable":true,"href":"https:\/\/www.egemtv.com\/index.php?rest_route=\/wp\/v2\/users\/1"}],"replies":[{"embeddable":true,"href":"https:\/\/www.egemtv.com\/index.php?rest_route=%2Fwp%2Fv2%2Fcomments&post=15248"}],"version-history":[{"count":1,"href":"https:\/\/www.egemtv.com\/index.php?rest_route=\/wp\/v2\/posts\/15248\/revisions"}],"predecessor-version":[{"id":15250,"href":"https:\/\/www.egemtv.com\/index.php?rest_route=\/wp\/v2\/posts\/15248\/revisions\/15250"}],"wp:featuredmedia":[{"embeddable":true,"href":"https:\/\/www.egemtv.com\/index.php?rest_route=\/wp\/v2\/media\/15249"}],"wp:attachment":[{"href":"https:\/\/www.egemtv.com\/index.php?rest_route=%2Fwp%2Fv2%2Fmedia&parent=15248"}],"wp:term":[{"taxonomy":"category","embeddable":true,"href":"https:\/\/www.egemtv.com\/index.php?rest_route=%2Fwp%2Fv2%2Fcategories&post=15248"},{"taxonomy":"post_tag","embeddable":true,"href":"https:\/\/www.egemtv.com\/index.php?rest_route=%2Fwp%2Fv2%2Ftags&post=15248"}],"curies":[{"name":"wp","href":"https:\/\/api.w.org\/{rel}","templated":true}]}}