{"id":15245,"date":"2025-02-04T11:13:03","date_gmt":"2025-02-04T08:13:03","guid":{"rendered":"https:\/\/www.egemtv.com\/?p=15245"},"modified":"2025-02-04T11:13:07","modified_gmt":"2025-02-04T08:13:07","slug":"yunusemreli-kadinlar-kurslarla-ev-ekonomilerine-katki-sagliyor","status":"publish","type":"post","link":"https:\/\/www.egemtv.com\/?p=15245","title":{"rendered":"Yunusemreli kad\u0131nlar kurslarla ev ekonomilerine katk\u0131 sa\u011fl\u0131yor"},"content":{"rendered":"<p>Yunusemre Belediyesi b\u00fcnyesinde bulunan 12 Kad\u0131n Dayan\u0131\u015fma ve E\u011fitim Merkezi, yakla\u015f\u0131k bin 500 kursiyere ev sahipli\u011fi yap\u0131yor. Kurslarda bir yandan el becerilerini geli\u015ftiren kad\u0131nlar di\u011fer yandan da ev ekonomisine katk\u0131 sa\u011fl\u0131yor.<br \/>\n<br \/>Yunusemre Belediye Ba\u015fkan\u0131 Semih Balaban\u2019\u0131n g\u00f6reve geldi\u011fi g\u00fcnden bu yana \u00e7al\u0131\u015fmalar\u0131na olduk\u00e7a \u00f6nem verdi\u011fi Kad\u0131n Dayan\u0131\u015fma ve E\u011fitim Merkezleri, yakla\u015f\u0131k bin 500 kursiyere \u00e7e\u015fitli bran\u015flarda e\u011fitim veriyor. Top\u00e7uas\u0131m,  Uncubozk\u00f6y, Yenimahalle, Ayni Ali, Horozk\u00f6y, Tevfikiye, Mare\u015fal Fevzi \u00c7akmak, Hafsa Sultan, Toki 2, \u00dc\u00e7p\u0131nar, Akgedik ve Muradiye gibi toplamda 12 Kad\u0131n Dayan\u0131\u015fma ve E\u011fitim Merkezi\u2019ni b\u00fcnyesinde bulunduran Yunusemre Belediyesi, kursiyerlerin bir yandan kurslarda el becerilerini geli\u015ftirmesine di\u011fer yandan ise \u00fcrettikleri \u00fcr\u00fcnleri satarak ev ekonomisine katk\u0131da bulunmas\u0131na imkan sa\u011fl\u0131yor.<\/p>\n<p>Hem stresten uzakla\u015f\u0131yor hem de \u00fcretiyorlar<br \/>\n<br \/>Diki\u015f, nak\u0131\u015f, mefru\u015fat, bilgisayar gibi kurslarda kendilerini geli\u015ftiren kursiyerler; spor, pilates gibi \u00e7ok say\u0131da kursta da sosyal aktivitelerde bulunabiliyor. El eme\u011fi pazarlar\u0131na s\u0131k s\u0131k ziyaretlerde bulunan Belediye Ba\u015fkan\u0131 Balaban, \u00fcreten kad\u0131nlar\u0131 desteklemeye devam edeceklerini belirtti.<br \/><\/p>\n","protected":false},"excerpt":{"rendered":"<p>Yunusemre Belediyesi b\u00fcnyesinde bulunan 12 Kad\u0131n Dayan\u0131\u015fma ve E\u011fitim Merkezi, yakla\u015f\u0131k bin 500 kursiyere ev sahipli\u011fi yap\u0131yor. Kurslarda bir yandan el becerilerini geli\u015ftiren kad\u0131nlar di\u011fer yandan da ev ekonomisine katk\u0131 sa\u011fl\u0131yor. Yunusemre Belediye Ba\u015fkan\u0131 Semih Balaban\u2019\u0131n g\u00f6reve geldi\u011fi g\u00fcnden bu yana \u00e7al\u0131\u015fmalar\u0131na olduk\u00e7a \u00f6nem verdi\u011fi Kad\u0131n Dayan\u0131\u015fma ve E\u011fitim Merkezleri, yakla\u015f\u0131k bin 500 kursiyere \u00e7e\u015fitli&#8230;<\/p>\n","protected":false},"author":1,"featured_media":15246,"comment_status":"open","ping_status":"open","sticky":false,"template":"","format":"standard","meta":{"_crdt_document":"","footnotes":""},"categories":[1],"tags":[],"class_list":["post-15245","post","type-post","status-publish","format-standard","has-post-thumbnail","hentry","category-guncel"],"_links":{"self":[{"href":"https:\/\/www.egemtv.com\/index.php?rest_route=\/wp\/v2\/posts\/15245","targetHints":{"allow":["GET"]}}],"collection":[{"href":"https:\/\/www.egemtv.com\/index.php?rest_route=\/wp\/v2\/posts"}],"about":[{"href":"https:\/\/www.egemtv.com\/index.php?rest_route=\/wp\/v2\/types\/post"}],"author":[{"embeddable":true,"href":"https:\/\/www.egemtv.com\/index.php?rest_route=\/wp\/v2\/users\/1"}],"replies":[{"embeddable":true,"href":"https:\/\/www.egemtv.com\/index.php?rest_route=%2Fwp%2Fv2%2Fcomments&post=15245"}],"version-history":[{"count":1,"href":"https:\/\/www.egemtv.com\/index.php?rest_route=\/wp\/v2\/posts\/15245\/revisions"}],"predecessor-version":[{"id":15247,"href":"https:\/\/www.egemtv.com\/index.php?rest_route=\/wp\/v2\/posts\/15245\/revisions\/15247"}],"wp:featuredmedia":[{"embeddable":true,"href":"https:\/\/www.egemtv.com\/index.php?rest_route=\/wp\/v2\/media\/15246"}],"wp:attachment":[{"href":"https:\/\/www.egemtv.com\/index.php?rest_route=%2Fwp%2Fv2%2Fmedia&parent=15245"}],"wp:term":[{"taxonomy":"category","embeddable":true,"href":"https:\/\/www.egemtv.com\/index.php?rest_route=%2Fwp%2Fv2%2Fcategories&post=15245"},{"taxonomy":"post_tag","embeddable":true,"href":"https:\/\/www.egemtv.com\/index.php?rest_route=%2Fwp%2Fv2%2Ftags&post=15245"}],"curies":[{"name":"wp","href":"https:\/\/api.w.org\/{rel}","templated":true}]}}