{"id":15218,"date":"2025-02-04T10:40:01","date_gmt":"2025-02-04T07:40:01","guid":{"rendered":"https:\/\/www.egemtv.com\/?p=15218"},"modified":"2025-02-04T10:40:09","modified_gmt":"2025-02-04T07:40:09","slug":"aydinda-45-aranan-sahis-jasattan-kacamadi","status":"publish","type":"post","link":"https:\/\/www.egemtv.com\/?p=15218","title":{"rendered":"Ayd\u0131n\u2019da 45 aranan \u015fah\u0131s JASAT\u2019tan ka\u00e7amad\u0131"},"content":{"rendered":"<p>Ayd\u0131n\u2019da \u00e7e\u015fitli su\u00e7lardan aranan 45 \u015fah\u0131s, JASAT ekiplerinin \u00e7al\u0131\u015fmas\u0131 sonucu k\u0131sk\u0131vrak yakaland\u0131.<\/p>\n<p>Ayd\u0131n \u0130l Jandarma Komutanl\u0131\u011f\u0131 JASAT Timleri ve \u0130l\u00e7e Jandarma Komutanlar\u0131 taraf\u0131ndan hakk\u0131nda yakalama karar\u0131 bulunan \u015fah\u0131slara y\u00f6nelik \u00fc\u00e7 g\u00fcn s\u00fcren bir operasyon ger\u00e7ekle\u015ftirdi. Yap\u0131lan \u00e7al\u0131\u015fmalar kapsam\u0131nda 0-2 y\u0131l aras\u0131 hapis cezas\u0131 ile aranmakta olan 8 \u015fah\u0131s, 2-5 y\u0131l aras\u0131 hapis cezas\u0131 ile aranmakta olan 10 \u015fah\u0131s, 5-10 y\u0131l aras\u0131 hapis cezas\u0131 ile aranmakta olan 2 \u015fah\u0131s, 10-20 y\u0131l aras\u0131 hapis cezas\u0131 ile aranmakta olan 1 \u015fah\u0131s ve ifadeye y\u00f6nelik aranan 24 \u015fah\u0131s olmak \u00fczere toplam 45 aranan \u015fah\u0131s yakaland\u0131. Yakalanan 45 \u015fahs\u0131n 2\u2019sinin uyu\u015fturucu su\u00e7undan, 5\u2019inin h\u0131rs\u0131zl\u0131k su\u00e7undan, 4\u2019\u00fcn\u00fcn yaralama su\u00e7undan, 1\u2019inin doland\u0131r\u0131c\u0131l\u0131k su\u00e7undan, 1\u2019inin kasten yang\u0131n \u00e7\u0131karma su\u00e7undan ve 32\u2019sinin ise di\u011fer su\u00e7lardan arand\u0131\u011f\u0131 tespit edildi.<\/p>\n<p>Yakalanarak g\u00f6zalt\u0131na al\u0131na \u015f\u00fcpheliler hakk\u0131nda adli s\u00fcre\u00e7 ba\u015flat\u0131ld\u0131.<br \/><\/p>\n","protected":false},"excerpt":{"rendered":"<p>Ayd\u0131n\u2019da \u00e7e\u015fitli su\u00e7lardan aranan 45 \u015fah\u0131s, JASAT ekiplerinin \u00e7al\u0131\u015fmas\u0131 sonucu k\u0131sk\u0131vrak yakaland\u0131. Ayd\u0131n \u0130l Jandarma Komutanl\u0131\u011f\u0131 JASAT Timleri ve \u0130l\u00e7e Jandarma Komutanlar\u0131 taraf\u0131ndan hakk\u0131nda yakalama karar\u0131 bulunan \u015fah\u0131slara y\u00f6nelik \u00fc\u00e7 g\u00fcn s\u00fcren bir operasyon ger\u00e7ekle\u015ftirdi. Yap\u0131lan \u00e7al\u0131\u015fmalar kapsam\u0131nda 0-2 y\u0131l aras\u0131 hapis cezas\u0131 ile aranmakta olan 8 \u015fah\u0131s, 2-5 y\u0131l aras\u0131 hapis cezas\u0131 ile aranmakta&#8230;<\/p>\n","protected":false},"author":1,"featured_media":15219,"comment_status":"open","ping_status":"open","sticky":false,"template":"","format":"standard","meta":{"_crdt_document":"","footnotes":""},"categories":[5],"tags":[],"class_list":["post-15218","post","type-post","status-publish","format-standard","has-post-thumbnail","hentry","category-asayis"],"_links":{"self":[{"href":"https:\/\/www.egemtv.com\/index.php?rest_route=\/wp\/v2\/posts\/15218","targetHints":{"allow":["GET"]}}],"collection":[{"href":"https:\/\/www.egemtv.com\/index.php?rest_route=\/wp\/v2\/posts"}],"about":[{"href":"https:\/\/www.egemtv.com\/index.php?rest_route=\/wp\/v2\/types\/post"}],"author":[{"embeddable":true,"href":"https:\/\/www.egemtv.com\/index.php?rest_route=\/wp\/v2\/users\/1"}],"replies":[{"embeddable":true,"href":"https:\/\/www.egemtv.com\/index.php?rest_route=%2Fwp%2Fv2%2Fcomments&post=15218"}],"version-history":[{"count":1,"href":"https:\/\/www.egemtv.com\/index.php?rest_route=\/wp\/v2\/posts\/15218\/revisions"}],"predecessor-version":[{"id":15220,"href":"https:\/\/www.egemtv.com\/index.php?rest_route=\/wp\/v2\/posts\/15218\/revisions\/15220"}],"wp:featuredmedia":[{"embeddable":true,"href":"https:\/\/www.egemtv.com\/index.php?rest_route=\/wp\/v2\/media\/15219"}],"wp:attachment":[{"href":"https:\/\/www.egemtv.com\/index.php?rest_route=%2Fwp%2Fv2%2Fmedia&parent=15218"}],"wp:term":[{"taxonomy":"category","embeddable":true,"href":"https:\/\/www.egemtv.com\/index.php?rest_route=%2Fwp%2Fv2%2Fcategories&post=15218"},{"taxonomy":"post_tag","embeddable":true,"href":"https:\/\/www.egemtv.com\/index.php?rest_route=%2Fwp%2Fv2%2Ftags&post=15218"}],"curies":[{"name":"wp","href":"https:\/\/api.w.org\/{rel}","templated":true}]}}