{"id":15215,"date":"2025-02-04T10:39:54","date_gmt":"2025-02-04T07:39:54","guid":{"rendered":"https:\/\/www.egemtv.com\/?p=15215"},"modified":"2025-02-04T10:40:00","modified_gmt":"2025-02-04T07:40:00","slug":"kusadasinda-havaya-ates-acan-sahislar-yakalandi","status":"publish","type":"post","link":"https:\/\/www.egemtv.com\/?p=15215","title":{"rendered":"Ku\u015fadas\u0131\u2019nda havaya ate\u015f a\u00e7an \u015fah\u0131slar yakaland\u0131"},"content":{"rendered":"<p>Ayd\u0131n\u2019\u0131n Ku\u015fadas\u0131 il\u00e7esinde motosikletle gelerek kurus\u0131k\u0131 tabanca ile havaya ate\u015f a\u00e7an \u015f\u00fcpheliler jandarma ekipleri taraf\u0131ndan yakaland\u0131.<br \/>\n<br \/>Edinilen bilgiye g\u00f6re, Kirazl\u0131yayla Mahallesi\u2019nde motosiklet \u00fczerinden silah ile kimli\u011fi belirsiz \u015fah\u0131slar\u0131n ate\u015f ederek uzakla\u015ft\u0131klar\u0131 112 Acil \u00c7a\u011fr\u0131 Merkezi\u2019ne ihbar edildi. Ku\u015fadas\u0131 \u0130l\u00e7e Jandarma Komutanl\u0131\u011f\u0131 taraf\u0131ndan b\u00f6lgeye sevk edilen devriye ekibi taraf\u0131ndan yap\u0131lan ara\u015ft\u0131rma sonucu motosiklet ile havaya ate\u015f edenlerin Y.N.D. ve B.T.  isimli \u015f\u00fcphelilerin oldu\u011fu tespit edilerek motosiklet ile yakaland\u0131. Motosikletin koltuk sele k\u0131sm\u0131nda 2 adet kurus\u0131k\u0131 tabanca (Ses ve Gaz), \u015farj\u00f6rleri ve 31 adet tabanca fi\u015fe\u011fi ele ge\u00e7irilirken, olayla ilgili adli s\u00fcrecin devam etti\u011fi \u00f6\u011frenildi.<br \/><\/p>\n","protected":false},"excerpt":{"rendered":"<p>Ayd\u0131n\u2019\u0131n Ku\u015fadas\u0131 il\u00e7esinde motosikletle gelerek kurus\u0131k\u0131 tabanca ile havaya ate\u015f a\u00e7an \u015f\u00fcpheliler jandarma ekipleri taraf\u0131ndan yakaland\u0131. Edinilen bilgiye g\u00f6re, Kirazl\u0131yayla Mahallesi\u2019nde motosiklet \u00fczerinden silah ile kimli\u011fi belirsiz \u015fah\u0131slar\u0131n ate\u015f ederek uzakla\u015ft\u0131klar\u0131 112 Acil \u00c7a\u011fr\u0131 Merkezi\u2019ne ihbar edildi. Ku\u015fadas\u0131 \u0130l\u00e7e Jandarma Komutanl\u0131\u011f\u0131 taraf\u0131ndan b\u00f6lgeye sevk edilen devriye ekibi taraf\u0131ndan yap\u0131lan ara\u015ft\u0131rma sonucu motosiklet ile havaya ate\u015f&#8230;<\/p>\n","protected":false},"author":1,"featured_media":15216,"comment_status":"open","ping_status":"open","sticky":false,"template":"","format":"standard","meta":{"_crdt_document":"","footnotes":""},"categories":[5],"tags":[],"class_list":["post-15215","post","type-post","status-publish","format-standard","has-post-thumbnail","hentry","category-asayis"],"_links":{"self":[{"href":"https:\/\/www.egemtv.com\/index.php?rest_route=\/wp\/v2\/posts\/15215","targetHints":{"allow":["GET"]}}],"collection":[{"href":"https:\/\/www.egemtv.com\/index.php?rest_route=\/wp\/v2\/posts"}],"about":[{"href":"https:\/\/www.egemtv.com\/index.php?rest_route=\/wp\/v2\/types\/post"}],"author":[{"embeddable":true,"href":"https:\/\/www.egemtv.com\/index.php?rest_route=\/wp\/v2\/users\/1"}],"replies":[{"embeddable":true,"href":"https:\/\/www.egemtv.com\/index.php?rest_route=%2Fwp%2Fv2%2Fcomments&post=15215"}],"version-history":[{"count":1,"href":"https:\/\/www.egemtv.com\/index.php?rest_route=\/wp\/v2\/posts\/15215\/revisions"}],"predecessor-version":[{"id":15217,"href":"https:\/\/www.egemtv.com\/index.php?rest_route=\/wp\/v2\/posts\/15215\/revisions\/15217"}],"wp:featuredmedia":[{"embeddable":true,"href":"https:\/\/www.egemtv.com\/index.php?rest_route=\/wp\/v2\/media\/15216"}],"wp:attachment":[{"href":"https:\/\/www.egemtv.com\/index.php?rest_route=%2Fwp%2Fv2%2Fmedia&parent=15215"}],"wp:term":[{"taxonomy":"category","embeddable":true,"href":"https:\/\/www.egemtv.com\/index.php?rest_route=%2Fwp%2Fv2%2Fcategories&post=15215"},{"taxonomy":"post_tag","embeddable":true,"href":"https:\/\/www.egemtv.com\/index.php?rest_route=%2Fwp%2Fv2%2Ftags&post=15215"}],"curies":[{"name":"wp","href":"https:\/\/api.w.org\/{rel}","templated":true}]}}