{"id":15212,"date":"2025-02-04T10:35:29","date_gmt":"2025-02-04T07:35:29","guid":{"rendered":"https:\/\/www.egemtv.com\/?p=15212"},"modified":"2025-02-04T10:35:34","modified_gmt":"2025-02-04T07:35:34","slug":"beyagac-cocuk-senliginde-keyifli-anlar-yasandi","status":"publish","type":"post","link":"https:\/\/www.egemtv.com\/?p=15212","title":{"rendered":"Beya\u011fa\u00e7 \u00c7ocuk \u015eenli\u011finde keyifli anlar ya\u015fand\u0131"},"content":{"rendered":"<p>DEN\u0130ZL\u0130 (\u0130HA) \u2013 Denizli\u2019nin Beya\u011fa\u00e7 il\u00e7esinde, Denizli B\u00fcy\u00fck\u015fehir Belediyesinin katk\u0131lar\u0131yla d\u00fczenlenen \u00e7ocuk \u015fenli\u011finde keyifli anlar ya\u015fand\u0131.<\/p>\n<p>Denizli B\u00fcy\u00fck\u015fehir Belediyesi ile Beya\u011fa\u00e7 Belediye Ba\u015fkanl\u0131\u011f\u0131n\u0131n i\u015fbirli\u011finde d\u00fczenlenen Beya\u011fa\u00e7 \u00c7ocuk \u015eenli\u011fi \u00e7ocuklar ve ailelerine keyifli anlar ya\u015fatt\u0131. Beya\u011fa\u00e7 Belediyesi Mehmet Y\u00fcksel Salonunda d\u00fczenlenen \u015fenlikte ger\u00e7ekle\u015ftirilen \u00e7e\u015fitli etkinliklerde renkli g\u00f6r\u00fcnt\u00fcler olu\u015ftu.<\/p>\n<p>\u00c7ocuklar\u0131n bir \u00fclkenin gelece\u011fi oldu\u011funa i\u015faret eden Beya\u011fa\u00e7 Belediye Ba\u015fkan\u0131 Sezayi P\u00fct\u00fcn, &#8220;Denizli B\u00fcy\u00fck\u015fehir Belediyesinin, Beya\u011fa\u00e7 Belediyesi Mehmet Y\u00fcksel Salonu\u2019nda d\u00fczenledi\u011fi \u00c7ocuk \u015eenli\u011fi\u2019mize g\u00f6sterdi\u011finiz yo\u011fun ilgi i\u00e7in te\u015fekk\u00fcr ederiz. \u00c7ocuklar\u0131m\u0131z\u0131n y\u00fczlerindeki g\u00fcl\u00fcmsemeyi g\u00f6rmek bizler i\u00e7in en b\u00fcy\u00fck mutluluktu. Palya\u00e7o g\u00f6sterileri, boyama etkinlikleri ve sihirbaz \u015fovlar\u0131 ile dolu bu keyifli g\u00fcnde bizlerle olan t\u00fcm ailelerimize ve de\u011ferli hem\u015fehrilerimize minnettar\u0131z. Bu g\u00fczel etkinli\u011fin ger\u00e7ekle\u015fmesinde eme\u011fi ge\u00e7en B\u00fcy\u00fck\u015fehir Belediye Ba\u015fkan\u0131m\u0131z B\u00fclent Nuri \u00c7avu\u015fo\u011flu ba\u015fta olmak \u00fczere t\u00fcm ekip arkada\u015flar\u0131na te\u015fekk\u00fcr ederiz. Bir sonraki etkinlikte bulu\u015fmak dile\u011fiyle&#8221; dedi.<br \/><\/p>\n","protected":false},"excerpt":{"rendered":"<p>DEN\u0130ZL\u0130 (\u0130HA) \u2013 Denizli\u2019nin Beya\u011fa\u00e7 il\u00e7esinde, Denizli B\u00fcy\u00fck\u015fehir Belediyesinin katk\u0131lar\u0131yla d\u00fczenlenen \u00e7ocuk \u015fenli\u011finde keyifli anlar ya\u015fand\u0131. Denizli B\u00fcy\u00fck\u015fehir Belediyesi ile Beya\u011fa\u00e7 Belediye Ba\u015fkanl\u0131\u011f\u0131n\u0131n i\u015fbirli\u011finde d\u00fczenlenen Beya\u011fa\u00e7 \u00c7ocuk \u015eenli\u011fi \u00e7ocuklar ve ailelerine keyifli anlar ya\u015fatt\u0131. Beya\u011fa\u00e7 Belediyesi Mehmet Y\u00fcksel Salonunda d\u00fczenlenen \u015fenlikte ger\u00e7ekle\u015ftirilen \u00e7e\u015fitli etkinliklerde renkli g\u00f6r\u00fcnt\u00fcler olu\u015ftu. \u00c7ocuklar\u0131n bir \u00fclkenin gelece\u011fi oldu\u011funa i\u015faret eden Beya\u011fa\u00e7&#8230;<\/p>\n","protected":false},"author":1,"featured_media":15213,"comment_status":"open","ping_status":"open","sticky":false,"template":"","format":"standard","meta":{"_crdt_document":"","footnotes":""},"categories":[123],"tags":[],"class_list":["post-15212","post","type-post","status-publish","format-standard","has-post-thumbnail","hentry","category-gundem"],"_links":{"self":[{"href":"https:\/\/www.egemtv.com\/index.php?rest_route=\/wp\/v2\/posts\/15212","targetHints":{"allow":["GET"]}}],"collection":[{"href":"https:\/\/www.egemtv.com\/index.php?rest_route=\/wp\/v2\/posts"}],"about":[{"href":"https:\/\/www.egemtv.com\/index.php?rest_route=\/wp\/v2\/types\/post"}],"author":[{"embeddable":true,"href":"https:\/\/www.egemtv.com\/index.php?rest_route=\/wp\/v2\/users\/1"}],"replies":[{"embeddable":true,"href":"https:\/\/www.egemtv.com\/index.php?rest_route=%2Fwp%2Fv2%2Fcomments&post=15212"}],"version-history":[{"count":1,"href":"https:\/\/www.egemtv.com\/index.php?rest_route=\/wp\/v2\/posts\/15212\/revisions"}],"predecessor-version":[{"id":15214,"href":"https:\/\/www.egemtv.com\/index.php?rest_route=\/wp\/v2\/posts\/15212\/revisions\/15214"}],"wp:featuredmedia":[{"embeddable":true,"href":"https:\/\/www.egemtv.com\/index.php?rest_route=\/wp\/v2\/media\/15213"}],"wp:attachment":[{"href":"https:\/\/www.egemtv.com\/index.php?rest_route=%2Fwp%2Fv2%2Fmedia&parent=15212"}],"wp:term":[{"taxonomy":"category","embeddable":true,"href":"https:\/\/www.egemtv.com\/index.php?rest_route=%2Fwp%2Fv2%2Fcategories&post=15212"},{"taxonomy":"post_tag","embeddable":true,"href":"https:\/\/www.egemtv.com\/index.php?rest_route=%2Fwp%2Fv2%2Ftags&post=15212"}],"curies":[{"name":"wp","href":"https:\/\/api.w.org\/{rel}","templated":true}]}}