{"id":15209,"date":"2025-02-04T10:34:05","date_gmt":"2025-02-04T07:34:05","guid":{"rendered":"https:\/\/www.egemtv.com\/?p=15209"},"modified":"2025-02-04T10:34:11","modified_gmt":"2025-02-04T07:34:11","slug":"muglada-engelli-bireylere-sporla-yeni-bir-hayat","status":"publish","type":"post","link":"https:\/\/www.egemtv.com\/?p=15209","title":{"rendered":"Mu\u011fla\u2019da engelli bireylere sporla yeni bir hayat"},"content":{"rendered":"<p>Mu\u011fla Gen\u00e7lik ve Spor \u0130l M\u00fcd\u00fcrl\u00fc\u011f\u00fc\u2019ne ba\u011fl\u0131 Mu\u011fla Uluslararas\u0131 Gen\u00e7lik Merkezi, engelli bireylerin sporla hayata daha aktif kat\u0131l\u0131m sa\u011flamalar\u0131 i\u00e7in \u00f6nemli bir projeye ev sahipli\u011fi yap\u0131yor. Merkezde, engelli bireyler bocce sporu ile tan\u0131\u015farak hem fiziksel geli\u015fimlerine katk\u0131 sa\u011fl\u0131yor hem de sosyal bir ortamda zamanlar\u0131n\u0131 verimli ge\u00e7iriyor.<\/p>\n<p>Haftan\u0131n \u00fc\u00e7 g\u00fcn\u00fc bocce antren\u00f6r\u00fc Yasemin Miski koordinesinde antrenman yapan engelli bireylere, Gen\u00e7lik Merkezi\u2019nin g\u00f6n\u00fcll\u00fc gen\u00e7leri de e\u015flik ediyor.<\/p>\n<p>G\u00f6n\u00fcll\u00fc gen\u00e7lerden \u0130smail \u00d6rs, bocce sporuyla ilk kez gen\u00e7lik merkezinde tan\u0131\u015ft\u0131\u011f\u0131n\u0131 belirterek duygular\u0131n\u0131 \u015fu s\u00f6zlerle ifade etti: &#8220;Engelli bireylerimizle birlikte bocce \u00f6\u011frenmek ve onlara e\u015flik etmek benim i\u00e7in b\u00fcy\u00fck bir mutluluk. Onlar\u0131n y\u00fczlerindeki g\u00fcl\u00fcmsemeyi g\u00f6rmek, hayat\u0131m\u0131n en anlaml\u0131 anlar\u0131ndan biri. Engelli bireylerin spora kazand\u0131r\u0131lmas\u0131na katk\u0131 sa\u011flayan Gen\u00e7lik ve Spor Bakanl\u0131\u011f\u0131m\u0131za te\u015fekk\u00fcr ediyorum&#8221; dedi.<br \/><\/p>\n","protected":false},"excerpt":{"rendered":"<p>Mu\u011fla Gen\u00e7lik ve Spor \u0130l M\u00fcd\u00fcrl\u00fc\u011f\u00fc\u2019ne ba\u011fl\u0131 Mu\u011fla Uluslararas\u0131 Gen\u00e7lik Merkezi, engelli bireylerin sporla hayata daha aktif kat\u0131l\u0131m sa\u011flamalar\u0131 i\u00e7in \u00f6nemli bir projeye ev sahipli\u011fi yap\u0131yor. Merkezde, engelli bireyler bocce sporu ile tan\u0131\u015farak hem fiziksel geli\u015fimlerine katk\u0131 sa\u011fl\u0131yor hem de sosyal bir ortamda zamanlar\u0131n\u0131 verimli ge\u00e7iriyor. Haftan\u0131n \u00fc\u00e7 g\u00fcn\u00fc bocce antren\u00f6r\u00fc Yasemin Miski koordinesinde antrenman&#8230;<\/p>\n","protected":false},"author":1,"featured_media":15210,"comment_status":"open","ping_status":"open","sticky":false,"template":"","format":"standard","meta":{"_crdt_document":"","footnotes":""},"categories":[1],"tags":[],"class_list":["post-15209","post","type-post","status-publish","format-standard","has-post-thumbnail","hentry","category-guncel"],"_links":{"self":[{"href":"https:\/\/www.egemtv.com\/index.php?rest_route=\/wp\/v2\/posts\/15209","targetHints":{"allow":["GET"]}}],"collection":[{"href":"https:\/\/www.egemtv.com\/index.php?rest_route=\/wp\/v2\/posts"}],"about":[{"href":"https:\/\/www.egemtv.com\/index.php?rest_route=\/wp\/v2\/types\/post"}],"author":[{"embeddable":true,"href":"https:\/\/www.egemtv.com\/index.php?rest_route=\/wp\/v2\/users\/1"}],"replies":[{"embeddable":true,"href":"https:\/\/www.egemtv.com\/index.php?rest_route=%2Fwp%2Fv2%2Fcomments&post=15209"}],"version-history":[{"count":1,"href":"https:\/\/www.egemtv.com\/index.php?rest_route=\/wp\/v2\/posts\/15209\/revisions"}],"predecessor-version":[{"id":15211,"href":"https:\/\/www.egemtv.com\/index.php?rest_route=\/wp\/v2\/posts\/15209\/revisions\/15211"}],"wp:featuredmedia":[{"embeddable":true,"href":"https:\/\/www.egemtv.com\/index.php?rest_route=\/wp\/v2\/media\/15210"}],"wp:attachment":[{"href":"https:\/\/www.egemtv.com\/index.php?rest_route=%2Fwp%2Fv2%2Fmedia&parent=15209"}],"wp:term":[{"taxonomy":"category","embeddable":true,"href":"https:\/\/www.egemtv.com\/index.php?rest_route=%2Fwp%2Fv2%2Fcategories&post=15209"},{"taxonomy":"post_tag","embeddable":true,"href":"https:\/\/www.egemtv.com\/index.php?rest_route=%2Fwp%2Fv2%2Ftags&post=15209"}],"curies":[{"name":"wp","href":"https:\/\/api.w.org\/{rel}","templated":true}]}}