{"id":15200,"date":"2025-02-04T10:28:47","date_gmt":"2025-02-04T07:28:47","guid":{"rendered":"https:\/\/www.egemtv.com\/?p=15200"},"modified":"2025-02-04T10:28:50","modified_gmt":"2025-02-04T07:28:50","slug":"aydin-buyuksehir-belediyesi-efeler-bulvarinda-sicak-asfalt-calismasi-gerceklestirecek","status":"publish","type":"post","link":"https:\/\/www.egemtv.com\/?p=15200","title":{"rendered":"Ayd\u0131n B\u00fcy\u00fck\u015fehir Belediyesi Efeler Bulvar\u0131\u2019nda s\u0131cak asfalt \u00e7al\u0131\u015fmas\u0131 ger\u00e7ekle\u015ftirecek"},"content":{"rendered":"<p>Ayd\u0131n B\u00fcy\u00fck\u015fehir Belediyesi 6 \u015eubat Per\u015fembe g\u00fcn\u00fc Efeler il\u00e7esindeki Efeler Bulvar\u0131 \u00fczerinde s\u0131cak asfalt \u00e7al\u0131\u015fmas\u0131 ba\u015flatacak.<\/p>\n<p>Ayd\u0131n B\u00fcy\u00fck\u015fehir Belediyesi, il genelinde yollar\u0131n kalitesini art\u0131rmak amac\u0131yla ba\u015flatt\u0131\u011f\u0131 yol ve s\u0131cak asfalt \u00e7al\u0131\u015fmalar\u0131yla ula\u015f\u0131m altyap\u0131s\u0131n\u0131 g\u00fc\u00e7lendirmeye devam ediyor. Ayd\u0131n B\u00fcy\u00fck\u015fehir Belediye Ba\u015fkan\u0131 \u00d6zlem \u00c7er\u00e7io\u011flu 6 \u015eubat Per\u015fembe g\u00fcn\u00fc itibariyle Efeler il\u00e7esi Zeybek Mahallesi\u2019ndeki Efeler Bulvar\u0131 \u00fczerinde s\u0131cak asfalt kaplama \u00e7al\u0131\u015fmalar\u0131na ba\u015flanaca\u011f\u0131n\u0131 duyurdu. \u00c7al\u0131\u015fmalar\u0131n, b\u00f6lgedeki ula\u015f\u0131m\u0131 daha g\u00fcvenli ve konforlu hale getirece\u011fini belirten Ba\u015fkan \u00c7er\u00e7io\u011flu, vatanda\u015flardan bu s\u00fcre\u00e7te trafik kurallar\u0131na uymalar\u0131n\u0131 istedi.<br \/><\/p>\n","protected":false},"excerpt":{"rendered":"<p>Ayd\u0131n B\u00fcy\u00fck\u015fehir Belediyesi 6 \u015eubat Per\u015fembe g\u00fcn\u00fc Efeler il\u00e7esindeki Efeler Bulvar\u0131 \u00fczerinde s\u0131cak asfalt \u00e7al\u0131\u015fmas\u0131 ba\u015flatacak. Ayd\u0131n B\u00fcy\u00fck\u015fehir Belediyesi, il genelinde yollar\u0131n kalitesini art\u0131rmak amac\u0131yla ba\u015flatt\u0131\u011f\u0131 yol ve s\u0131cak asfalt \u00e7al\u0131\u015fmalar\u0131yla ula\u015f\u0131m altyap\u0131s\u0131n\u0131 g\u00fc\u00e7lendirmeye devam ediyor. Ayd\u0131n B\u00fcy\u00fck\u015fehir Belediye Ba\u015fkan\u0131 \u00d6zlem \u00c7er\u00e7io\u011flu 6 \u015eubat Per\u015fembe g\u00fcn\u00fc itibariyle Efeler il\u00e7esi Zeybek Mahallesi\u2019ndeki Efeler Bulvar\u0131 \u00fczerinde s\u0131cak&#8230;<\/p>\n","protected":false},"author":1,"featured_media":15201,"comment_status":"open","ping_status":"open","sticky":false,"template":"","format":"standard","meta":{"_crdt_document":"","footnotes":""},"categories":[1],"tags":[],"class_list":["post-15200","post","type-post","status-publish","format-standard","has-post-thumbnail","hentry","category-guncel"],"_links":{"self":[{"href":"https:\/\/www.egemtv.com\/index.php?rest_route=\/wp\/v2\/posts\/15200","targetHints":{"allow":["GET"]}}],"collection":[{"href":"https:\/\/www.egemtv.com\/index.php?rest_route=\/wp\/v2\/posts"}],"about":[{"href":"https:\/\/www.egemtv.com\/index.php?rest_route=\/wp\/v2\/types\/post"}],"author":[{"embeddable":true,"href":"https:\/\/www.egemtv.com\/index.php?rest_route=\/wp\/v2\/users\/1"}],"replies":[{"embeddable":true,"href":"https:\/\/www.egemtv.com\/index.php?rest_route=%2Fwp%2Fv2%2Fcomments&post=15200"}],"version-history":[{"count":1,"href":"https:\/\/www.egemtv.com\/index.php?rest_route=\/wp\/v2\/posts\/15200\/revisions"}],"predecessor-version":[{"id":15202,"href":"https:\/\/www.egemtv.com\/index.php?rest_route=\/wp\/v2\/posts\/15200\/revisions\/15202"}],"wp:featuredmedia":[{"embeddable":true,"href":"https:\/\/www.egemtv.com\/index.php?rest_route=\/wp\/v2\/media\/15201"}],"wp:attachment":[{"href":"https:\/\/www.egemtv.com\/index.php?rest_route=%2Fwp%2Fv2%2Fmedia&parent=15200"}],"wp:term":[{"taxonomy":"category","embeddable":true,"href":"https:\/\/www.egemtv.com\/index.php?rest_route=%2Fwp%2Fv2%2Fcategories&post=15200"},{"taxonomy":"post_tag","embeddable":true,"href":"https:\/\/www.egemtv.com\/index.php?rest_route=%2Fwp%2Fv2%2Ftags&post=15200"}],"curies":[{"name":"wp","href":"https:\/\/api.w.org\/{rel}","templated":true}]}}