{"id":15197,"date":"2025-02-04T10:26:48","date_gmt":"2025-02-04T07:26:48","guid":{"rendered":"https:\/\/www.egemtv.com\/?p=15197"},"modified":"2025-02-04T10:26:53","modified_gmt":"2025-02-04T07:26:53","slug":"sokedeki-macta-jandarmadan-bilgilendirme","status":"publish","type":"post","link":"https:\/\/www.egemtv.com\/?p=15197","title":{"rendered":"S\u00f6ke\u2019deki ma\u00e7ta Jandarmadan bilgilendirme"},"content":{"rendered":"<p>Ayd\u0131n\u2019\u0131n S\u00f6ke il\u00e7esinde jandarma ekipleri voleybol ma\u00e7\u0131 \u00f6ncesi vatanda\u015flar\u0131 bilgilendirdi.<br \/>\n<br \/>S\u00f6ke \u0130l\u00e7e Jandarma Komutanl\u0131\u011f\u0131 Aile \u0130\u00e7i \u015eiddetle M\u00fccadele ve Aile \u0130\u00e7i \u015eiddetle M\u00fccadele K\u0131s\u0131m Amirli\u011fi taraf\u0131ndan S\u00f6ke\u2019de oynanan S\u00f6ke Belediyesi Saldos ile Ku\u015fadas\u0131 Belediyespor Midi K\u0131z voleybol ma\u00e7\u0131 \u00f6ncesi KADES tan\u0131t\u0131m\u0131 yap\u0131larak bro\u015f\u00fcr da\u011f\u0131t\u0131ld\u0131. Jandarma taraf\u0131ndan ma\u00e7 sonunda her iki tak\u0131ma m\u00fccadeleleri sebebiyle tebrik edilerek ba\u015far\u0131 dile\u011finde bulunuldu.<br \/><\/p>\n","protected":false},"excerpt":{"rendered":"<p>Ayd\u0131n\u2019\u0131n S\u00f6ke il\u00e7esinde jandarma ekipleri voleybol ma\u00e7\u0131 \u00f6ncesi vatanda\u015flar\u0131 bilgilendirdi. S\u00f6ke \u0130l\u00e7e Jandarma Komutanl\u0131\u011f\u0131 Aile \u0130\u00e7i \u015eiddetle M\u00fccadele ve Aile \u0130\u00e7i \u015eiddetle M\u00fccadele K\u0131s\u0131m Amirli\u011fi taraf\u0131ndan S\u00f6ke\u2019de oynanan S\u00f6ke Belediyesi Saldos ile Ku\u015fadas\u0131 Belediyespor Midi K\u0131z voleybol ma\u00e7\u0131 \u00f6ncesi KADES tan\u0131t\u0131m\u0131 yap\u0131larak bro\u015f\u00fcr da\u011f\u0131t\u0131ld\u0131. Jandarma taraf\u0131ndan ma\u00e7 sonunda her iki tak\u0131ma m\u00fccadeleleri sebebiyle tebrik edilerek&#8230;<\/p>\n","protected":false},"author":1,"featured_media":15198,"comment_status":"open","ping_status":"open","sticky":false,"template":"","format":"standard","meta":{"_crdt_document":"","footnotes":""},"categories":[1],"tags":[],"class_list":["post-15197","post","type-post","status-publish","format-standard","has-post-thumbnail","hentry","category-guncel"],"_links":{"self":[{"href":"https:\/\/www.egemtv.com\/index.php?rest_route=\/wp\/v2\/posts\/15197","targetHints":{"allow":["GET"]}}],"collection":[{"href":"https:\/\/www.egemtv.com\/index.php?rest_route=\/wp\/v2\/posts"}],"about":[{"href":"https:\/\/www.egemtv.com\/index.php?rest_route=\/wp\/v2\/types\/post"}],"author":[{"embeddable":true,"href":"https:\/\/www.egemtv.com\/index.php?rest_route=\/wp\/v2\/users\/1"}],"replies":[{"embeddable":true,"href":"https:\/\/www.egemtv.com\/index.php?rest_route=%2Fwp%2Fv2%2Fcomments&post=15197"}],"version-history":[{"count":1,"href":"https:\/\/www.egemtv.com\/index.php?rest_route=\/wp\/v2\/posts\/15197\/revisions"}],"predecessor-version":[{"id":15199,"href":"https:\/\/www.egemtv.com\/index.php?rest_route=\/wp\/v2\/posts\/15197\/revisions\/15199"}],"wp:featuredmedia":[{"embeddable":true,"href":"https:\/\/www.egemtv.com\/index.php?rest_route=\/wp\/v2\/media\/15198"}],"wp:attachment":[{"href":"https:\/\/www.egemtv.com\/index.php?rest_route=%2Fwp%2Fv2%2Fmedia&parent=15197"}],"wp:term":[{"taxonomy":"category","embeddable":true,"href":"https:\/\/www.egemtv.com\/index.php?rest_route=%2Fwp%2Fv2%2Fcategories&post=15197"},{"taxonomy":"post_tag","embeddable":true,"href":"https:\/\/www.egemtv.com\/index.php?rest_route=%2Fwp%2Fv2%2Ftags&post=15197"}],"curies":[{"name":"wp","href":"https:\/\/api.w.org\/{rel}","templated":true}]}}