{"id":15194,"date":"2025-02-04T10:23:25","date_gmt":"2025-02-04T07:23:25","guid":{"rendered":"https:\/\/www.egemtv.com\/?p=15194"},"modified":"2025-02-04T10:23:27","modified_gmt":"2025-02-04T07:23:27","slug":"izmirde-seref-bigaliya-saygi-sergisi-duzenleniyor","status":"publish","type":"post","link":"https:\/\/www.egemtv.com\/?p=15194","title":{"rendered":"\u0130zmir\u2019de \u015eeref Bigal\u0131\u2019ya Sayg\u0131 Sergisi d\u00fczenleniyor"},"content":{"rendered":"<p>\u0130zmir sanat camias\u0131, T\u00fcrk resim sanat\u0131n\u0131n duayen isimlerinden \u015eeref Bigal\u0131\u2019y\u0131 anmak i\u00e7in \u00f6zel bir sergide bir araya geliyor. Sanat\u00e7\u0131n\u0131n do\u011fumunun 100. ve vefat\u0131n\u0131n 20. y\u0131l\u0131 an\u0131s\u0131na d\u00fczenlenen &#8220;\u015eeref Bigal\u0131\u2019y\u0131 Anma ve Sayg\u0131 Sergisi&#8221;, 6-27 \u015eubat 2025 tarihleri aras\u0131nda \u0130zmir Adnan Saygun K\u00fclt\u00fcr ve Sanat Merkezi\u2019nde sanatseverlerle bulu\u015facak.<br \/>\n<br \/>Serginin k\u00fcrat\u00f6rl\u00fc\u011f\u00fcn\u00fc, \u015eeref Bigal\u0131\u2019n\u0131n \u00f6\u011frencilerinden Aynur Mahmudova Kaplan \u00fcstlenirken, a\u00e7\u0131l\u0131\u015f t\u00f6renine sanat\u00e7\u0131n\u0131n o\u011flu, emekli b\u00fcy\u00fckel\u00e7i Ahmet Necati Bigal\u0131 ve ailesi de kat\u0131lacak.<br \/>\n<br \/>Etkinlik kapsam\u0131nda, 6 \u015eubat\u2019ta saat 16.00\u2019da yedi konu\u015fmac\u0131n\u0131n yer alaca\u011f\u0131 bir anma paneli d\u00fczenlenecek. Serginin resmi a\u00e7\u0131l\u0131\u015f\u0131 ise saat 18.00\u2019de ger\u00e7ekle\u015fecek. \u0130ki b\u00f6l\u00fcmden olu\u015fan serginin ilk k\u0131sm\u0131nda, \u015eeref Bigal\u0131\u2019n\u0131n ya\u011fl\u0131 boya ve sulu boya eserlerinin yan\u0131 s\u0131ra sanat\u00e7\u0131n\u0131n \u00f6zel e\u015fyalar\u0131ndan se\u00e7kiler yer alacak. \u0130kinci b\u00f6l\u00fcmde ise Bigal\u0131\u2019n\u0131n meslekta\u015flar\u0131 ve \u00f6\u011frencilerinin eserleri sergilenecek.<br \/>\n<br \/>Toplamda 66 ressam\u0131n eserlerine yer verilen sergide, ayr\u0131ca &#8220;\u015eeref Bigal\u0131\u2019yla an\u0131lar\u0131m\u0131z&#8221; isimli \u00f6zel bir k\u00f6\u015fe olu\u015fturulacak. Bu alanda, sanat\u00e7\u0131n\u0131n sevenlerinin an\u0131lar\u0131, foto\u011fraflar\u0131 ve \u00e7izimleri sanatseverlerle payla\u015f\u0131lacak. Sanatseverler, \u015eeref Bigal\u0131\u2019n\u0131n sanat ya\u015fam\u0131na \u0131\u015f\u0131k tutan bu \u00f6zel sergiyi 27 \u015eubat\u2019a kadar ziyaret edebilecek.<\/p>\n<p>\u015eeref Bigal\u0131 kimdir?<br \/>\n<br \/>Ressam, yazar (D. 31 Ekim 1925, G\u00f6\u00e7beyli \/ Bergama \/ \u0130zmir \u2013 \u00d6. 16 \u015eubat 2005, \u0130zmir). \u0130lk ve orta\u00f6\u011frenimini \u0130zmir\u2019de tamamlad\u0131. 1944 y\u0131l\u0131nda Devlet G\u00fczel Sanatlar Akademisi Resim B\u00f6l\u00fcm\u00fcne girdi. Burada alt\u0131 y\u0131l Cemal Tollu At\u00f6lyesinde \u00f6\u011frenim g\u00f6rd\u00fc. 1950 y\u0131l\u0131nda akademiden mezun olarak Afyon ve \u0130zmir Kar\u015f\u0131yaka\u2019da resim \u00f6\u011fretmenli\u011fi yapt\u0131. 1959-78 tarihleri aras\u0131nda \u0130zmir E\u011fitim Enstit\u00fcs\u00fcnde \u00e7al\u0131\u015ft\u0131. Resim-\u0130\u015f B\u00f6l\u00fcm\u00fcn\u00fcn kurulu\u015funda g\u00f6rev ald\u0131. 1962 y\u0131l\u0131nda Paris\u2019e giderek Ressam Henri Goetz At\u00f6lyesine devam etti. Elliye yak\u0131n ki\u015fisel sergi a\u00e7t\u0131. \u00c7ok say\u0131da eseri, m\u00fczelerde, yurt i\u00e7i ve yurt d\u0131\u015f\u0131 \u00f6zel koleksiyonlarda yer almaktad\u0131r. Ad\u0131na Ankara\u2019da \u015eeref Bigal\u0131 Sanat Galerisi a\u00e7\u0131lan ressam, ayr\u0131ca 1986 y\u0131l\u0131nda Devlet Resim B\u00fcy\u00fck \u00d6d\u00fcl\u00fc, daha sonra ise T\u00fcrkiye \u0130\u015f Bankas\u0131 B\u00fcy\u00fck Resim \u00d6d\u00fcl\u00fcn\u00fc kazand\u0131. 1976 y\u0131l\u0131nda ilk bask\u0131s\u0131 yap\u0131lan Resim Sanat\u0131 adl\u0131 kapsaml\u0131 kitab\u0131, plastik sanatlar alan\u0131nda \u00fclkemizde yay\u0131mlanan \u00f6nemli \u00e7al\u0131\u015fmalardan biri oldu. Biga\u2019da (\u00c7anakkale) topra\u011fa verildi.<br \/><\/p>\n","protected":false},"excerpt":{"rendered":"<p>\u0130zmir sanat camias\u0131, T\u00fcrk resim sanat\u0131n\u0131n duayen isimlerinden \u015eeref Bigal\u0131\u2019y\u0131 anmak i\u00e7in \u00f6zel bir sergide bir araya geliyor. Sanat\u00e7\u0131n\u0131n do\u011fumunun 100. ve vefat\u0131n\u0131n 20. y\u0131l\u0131 an\u0131s\u0131na d\u00fczenlenen &#8220;\u015eeref Bigal\u0131\u2019y\u0131 Anma ve Sayg\u0131 Sergisi&#8221;, 6-27 \u015eubat 2025 tarihleri aras\u0131nda \u0130zmir Adnan Saygun K\u00fclt\u00fcr ve Sanat Merkezi\u2019nde sanatseverlerle bulu\u015facak. Serginin k\u00fcrat\u00f6rl\u00fc\u011f\u00fcn\u00fc, \u015eeref Bigal\u0131\u2019n\u0131n \u00f6\u011frencilerinden Aynur Mahmudova Kaplan&#8230;<\/p>\n","protected":false},"author":1,"featured_media":15195,"comment_status":"open","ping_status":"open","sticky":false,"template":"","format":"standard","meta":{"_crdt_document":"","footnotes":""},"categories":[1],"tags":[],"class_list":["post-15194","post","type-post","status-publish","format-standard","has-post-thumbnail","hentry","category-guncel"],"_links":{"self":[{"href":"https:\/\/www.egemtv.com\/index.php?rest_route=\/wp\/v2\/posts\/15194","targetHints":{"allow":["GET"]}}],"collection":[{"href":"https:\/\/www.egemtv.com\/index.php?rest_route=\/wp\/v2\/posts"}],"about":[{"href":"https:\/\/www.egemtv.com\/index.php?rest_route=\/wp\/v2\/types\/post"}],"author":[{"embeddable":true,"href":"https:\/\/www.egemtv.com\/index.php?rest_route=\/wp\/v2\/users\/1"}],"replies":[{"embeddable":true,"href":"https:\/\/www.egemtv.com\/index.php?rest_route=%2Fwp%2Fv2%2Fcomments&post=15194"}],"version-history":[{"count":1,"href":"https:\/\/www.egemtv.com\/index.php?rest_route=\/wp\/v2\/posts\/15194\/revisions"}],"predecessor-version":[{"id":15196,"href":"https:\/\/www.egemtv.com\/index.php?rest_route=\/wp\/v2\/posts\/15194\/revisions\/15196"}],"wp:featuredmedia":[{"embeddable":true,"href":"https:\/\/www.egemtv.com\/index.php?rest_route=\/wp\/v2\/media\/15195"}],"wp:attachment":[{"href":"https:\/\/www.egemtv.com\/index.php?rest_route=%2Fwp%2Fv2%2Fmedia&parent=15194"}],"wp:term":[{"taxonomy":"category","embeddable":true,"href":"https:\/\/www.egemtv.com\/index.php?rest_route=%2Fwp%2Fv2%2Fcategories&post=15194"},{"taxonomy":"post_tag","embeddable":true,"href":"https:\/\/www.egemtv.com\/index.php?rest_route=%2Fwp%2Fv2%2Ftags&post=15194"}],"curies":[{"name":"wp","href":"https:\/\/api.w.org\/{rel}","templated":true}]}}