{"id":15191,"date":"2025-02-04T10:12:51","date_gmt":"2025-02-04T07:12:51","guid":{"rendered":"https:\/\/www.egemtv.com\/?p=15191"},"modified":"2025-02-04T10:12:57","modified_gmt":"2025-02-04T07:12:57","slug":"oldurulen-genc-aldigi-iki-bicak-darbesine-karsi-tarafin-pesinden-gitti","status":"publish","type":"post","link":"https:\/\/www.egemtv.com\/?p=15191","title":{"rendered":"\u00d6ld\u00fcr\u00fclen gen\u00e7 ald\u0131\u011f\u0131 iki b\u0131\u00e7ak darbesine kar\u015f\u0131 taraf\u0131n pe\u015finden gitti"},"content":{"rendered":"<p>Denizli\u2019de e\u011flence mekan\u0131 cinayetinin g\u00fcvenlik kameras\u0131 g\u00f6r\u00fcnt\u00fcleri ortaya \u00e7\u0131kt\u0131. G\u00f6r\u00fcnt\u00fclerde mekan\u0131n d\u0131\u015f\u0131nda \u00e7\u0131kan tart\u0131\u015fmada b\u0131\u00e7akla yaralanan gencin a\u015f\u0131r\u0131 kan kaybetmesine ra\u011fmen kavgaya devam etti\u011fi g\u00f6r\u00fcld\u00fc.<br \/>\n<br \/>\u00c7ivril il\u00e7esi Akp\u0131nar Mahallesi\u2019nde 29 Ocak g\u00fcn\u00fc meydana gelen olayda, Tamer Cura (28) ile e\u011flence mekan\u0131nda Emrullah Karahan\u2019\u0131n da aras\u0131nda bulundu\u011fu grup aras\u0131nda yan bakma meselesinden tart\u0131\u015fma \u00e7\u0131kt\u0131. Tart\u0131\u015fma sonucu e\u011flence mekan\u0131 \u00e7al\u0131\u015fanlar\u0131 Emrullah Karahan ve arkada\u015flar\u0131n\u0131 d\u0131\u015far\u0131 \u00e7\u0131kartt\u0131. Daha sonra grubun arkas\u0131ndan d\u0131\u015far\u0131 \u00e7\u0131kan Tamer Cura ile grup aras\u0131nda tekrar s\u00f6zl\u00fc tart\u0131\u015fma \u00e7\u0131kt\u0131. \u00c7\u0131kan tart\u0131\u015fman\u0131n kavgaya d\u00f6n\u00fc\u015fmesi \u00fczerine Tamer Cura, Emrullah Karahan taraf\u0131ndan b\u0131\u00e7akla yaraland\u0131. \u0130hbar \u00fczerine b\u00f6lgeye sevk edilen sa\u011fl\u0131k ekipleri Tamer Cura\u2019y\u0131 ilk olarak \u00c7ivril Devlet Hastanesine ard\u0131ndan Denizli Devlet Hastanesine sevk etti. Hastanede tedavi alt\u0131na al\u0131nan 1 \u00e7ocuk babas\u0131 Tamer Cura, doktorlar\u0131n t\u00fcm m\u00fcdahalesine ra\u011fmen kurtar\u0131lamad\u0131. Olay\u0131n ard\u0131ndan b\u00f6lgeden ka\u00e7an Emrullah Karahan ise jandarma ve polis ekiplerinin ortak operasyonuyla yakalanm\u0131\u015f, \u00e7\u0131kar\u0131ld\u0131\u011f\u0131 mahkemece tutuklanm\u0131\u015ft\u0131.<\/p>\n<p>Gencin b\u0131\u00e7aklanma an\u0131na ait g\u00f6r\u00fcnt\u00fcler ortaya \u00e7\u0131kt\u0131<br \/>\n<br \/>Tamer Cura\u2019n\u0131n b\u0131\u00e7akland\u0131\u011f\u0131 anlara ait g\u00fcvenlik kameras\u0131 g\u00f6r\u00fcnt\u00fcleri ortaya \u00e7\u0131kt\u0131. G\u00f6r\u00fcnt\u00fclerde e\u011flence mekan\u0131 \u00e7al\u0131\u015fanlar\u0131 olduklar\u0131 \u00f6\u011frenilen ki\u015filerin Emrullah Karahan ve arkada\u015flar\u0131n\u0131 d\u0131\u015far\u0131 \u00e7\u0131kartt\u0131\u011f\u0131 g\u00f6r\u00fcl\u00fcyor. E\u011flence mekan\u0131 \u00e7al\u0131\u015fanlar\u0131 ile Emrullah Karahan arkada\u015flar\u0131yla konu\u015ftu\u011fu s\u0131rada Tamer Cura\u2019n\u0131n elinde ceketiyle d\u0131\u015far\u0131 \u00e7\u0131kt\u0131\u011f\u0131 ve tart\u0131\u015fma ya\u015fad\u0131\u011f\u0131 gruba do\u011fru gitti\u011fi yer al\u0131yor. G\u00f6r\u00fcnt\u00fclerin devam\u0131nda birka\u00e7 ki\u015fi iki taraf\u0131 ay\u0131rmaya \u00e7al\u0131\u015f\u0131rken, Emrullah Karahan\u2019\u0131n belinden b\u0131\u00e7a\u011f\u0131 \u00e7\u0131kartarak Tamer Cura\u2019ya y\u00f6nelerek iki kez b\u0131\u00e7aklad\u0131\u011f\u0131 g\u00f6r\u00fcl\u00fcyor. G\u00f6r\u00fcnt\u00fclerde Tamer Cura\u2019n\u0131n b\u0131\u00e7aklan\u0131p, a\u015f\u0131r\u0131 kan kaybetmesine ra\u011fmen kavgaya devam etmesi ise dikkat \u00e7ekti.<br \/><\/p>\n","protected":false},"excerpt":{"rendered":"<p>Denizli\u2019de e\u011flence mekan\u0131 cinayetinin g\u00fcvenlik kameras\u0131 g\u00f6r\u00fcnt\u00fcleri ortaya \u00e7\u0131kt\u0131. G\u00f6r\u00fcnt\u00fclerde mekan\u0131n d\u0131\u015f\u0131nda \u00e7\u0131kan tart\u0131\u015fmada b\u0131\u00e7akla yaralanan gencin a\u015f\u0131r\u0131 kan kaybetmesine ra\u011fmen kavgaya devam etti\u011fi g\u00f6r\u00fcld\u00fc. \u00c7ivril il\u00e7esi Akp\u0131nar Mahallesi\u2019nde 29 Ocak g\u00fcn\u00fc meydana gelen olayda, Tamer Cura (28) ile e\u011flence mekan\u0131nda Emrullah Karahan\u2019\u0131n da aras\u0131nda bulundu\u011fu grup aras\u0131nda yan bakma meselesinden tart\u0131\u015fma \u00e7\u0131kt\u0131. Tart\u0131\u015fma sonucu&#8230;<\/p>\n","protected":false},"author":1,"featured_media":15192,"comment_status":"open","ping_status":"open","sticky":false,"template":"","format":"standard","meta":{"_crdt_document":"","footnotes":""},"categories":[5],"tags":[],"class_list":["post-15191","post","type-post","status-publish","format-standard","has-post-thumbnail","hentry","category-asayis"],"_links":{"self":[{"href":"https:\/\/www.egemtv.com\/index.php?rest_route=\/wp\/v2\/posts\/15191","targetHints":{"allow":["GET"]}}],"collection":[{"href":"https:\/\/www.egemtv.com\/index.php?rest_route=\/wp\/v2\/posts"}],"about":[{"href":"https:\/\/www.egemtv.com\/index.php?rest_route=\/wp\/v2\/types\/post"}],"author":[{"embeddable":true,"href":"https:\/\/www.egemtv.com\/index.php?rest_route=\/wp\/v2\/users\/1"}],"replies":[{"embeddable":true,"href":"https:\/\/www.egemtv.com\/index.php?rest_route=%2Fwp%2Fv2%2Fcomments&post=15191"}],"version-history":[{"count":1,"href":"https:\/\/www.egemtv.com\/index.php?rest_route=\/wp\/v2\/posts\/15191\/revisions"}],"predecessor-version":[{"id":15193,"href":"https:\/\/www.egemtv.com\/index.php?rest_route=\/wp\/v2\/posts\/15191\/revisions\/15193"}],"wp:featuredmedia":[{"embeddable":true,"href":"https:\/\/www.egemtv.com\/index.php?rest_route=\/wp\/v2\/media\/15192"}],"wp:attachment":[{"href":"https:\/\/www.egemtv.com\/index.php?rest_route=%2Fwp%2Fv2%2Fmedia&parent=15191"}],"wp:term":[{"taxonomy":"category","embeddable":true,"href":"https:\/\/www.egemtv.com\/index.php?rest_route=%2Fwp%2Fv2%2Fcategories&post=15191"},{"taxonomy":"post_tag","embeddable":true,"href":"https:\/\/www.egemtv.com\/index.php?rest_route=%2Fwp%2Fv2%2Ftags&post=15191"}],"curies":[{"name":"wp","href":"https:\/\/api.w.org\/{rel}","templated":true}]}}