{"id":15188,"date":"2025-02-04T10:07:24","date_gmt":"2025-02-04T07:07:24","guid":{"rendered":"https:\/\/www.egemtv.com\/?p=15188"},"modified":"2025-02-04T10:07:31","modified_gmt":"2025-02-04T07:07:31","slug":"germencikte-ikinci-el-esyalar-ihtiyac-sahiplerine-ulastiriliyor","status":"publish","type":"post","link":"https:\/\/www.egemtv.com\/?p=15188","title":{"rendered":"Germencik\u2019te ikinci el e\u015fyalar, ihtiya\u00e7 sahiplerine ula\u015ft\u0131r\u0131l\u0131yor"},"content":{"rendered":"<p>Germencik Belediyesi, vatanda\u015flar\u0131n kullanabilir durumda olan ikinci el ev e\u015fyalar\u0131n\u0131 adresten alarak il\u00e7edeki ihtiya\u00e7 sahibi vatanda\u015flara ula\u015ft\u0131r\u0131yor. Germencik Belediye Ba\u015fkan\u0131 Burak Zencirci, vatanda\u015flar\u0131n her f\u0131rsatta yanlar\u0131nda olduklar\u0131n\u0131 belirtti.<\/p>\n<p>Germencik Belediyesi, sosyal belediyecilik faaliyetleri kapsam\u0131nda \u00f6nemli hizmetlere imza atmaya devam ediyor. Germencik Belediyesi Sosyal A\u011f\u0131 (GESA) ekipleri, ikinci el ev e\u015fyalar\u0131n\u0131 toplay\u0131p ihtiya\u00e7 sahibi vatanda\u015flara ula\u015ft\u0131r\u0131yor. Ekipler taraf\u0131ndan toplanan e\u015fyalardan, ihtiya\u00e7 sahipleri vatanda\u015flar hi\u00e7bir \u00fccret \u00f6demeden alabiliyor. E\u015fyalar\u0131n ula\u015f\u0131m\u0131 yine belediye ekiplerince sa\u011flan\u0131yor. Giyim bankas\u0131 arac\u0131l\u0131\u011f\u0131yla da ihtiya\u00e7 fazlas\u0131 giyim e\u015fyalar\u0131 da toplan\u0131p, temizletilerek haz\u0131r hale getiriliyor. Giyim bankas\u0131ndan ihtiya\u00e7 sahibi vatanda\u015flarca al\u0131nan elbiseler de y\u00fcz g\u00fcld\u00fcr\u00fcyor.<\/p>\n<p>Konu ile ilgili Germencik Belediyesi\u2019nden yap\u0131lan payla\u015f\u0131mda &#8220;\u0130kinci el e\u015fya projemiz kapsam\u0131nda hay\u0131rsever vatanda\u015flar\u0131m\u0131zdan ald\u0131\u011f\u0131m\u0131z ba\u011f\u0131\u015flar\u0131 ihtiya\u00e7 sahiplerine ula\u015ft\u0131rmaya devam ediyoruz. Ba\u011f\u0131\u015f\u00e7\u0131lar\u0131m\u0131za te\u015fekk\u00fcr ediyoruz&#8221; ifadeleri yer ald\u0131.<br \/><\/p>\n","protected":false},"excerpt":{"rendered":"<p>Germencik Belediyesi, vatanda\u015flar\u0131n kullanabilir durumda olan ikinci el ev e\u015fyalar\u0131n\u0131 adresten alarak il\u00e7edeki ihtiya\u00e7 sahibi vatanda\u015flara ula\u015ft\u0131r\u0131yor. Germencik Belediye Ba\u015fkan\u0131 Burak Zencirci, vatanda\u015flar\u0131n her f\u0131rsatta yanlar\u0131nda olduklar\u0131n\u0131 belirtti. Germencik Belediyesi, sosyal belediyecilik faaliyetleri kapsam\u0131nda \u00f6nemli hizmetlere imza atmaya devam ediyor. Germencik Belediyesi Sosyal A\u011f\u0131 (GESA) ekipleri, ikinci el ev e\u015fyalar\u0131n\u0131 toplay\u0131p ihtiya\u00e7 sahibi vatanda\u015flara ula\u015ft\u0131r\u0131yor&#8230;.<\/p>\n","protected":false},"author":1,"featured_media":15189,"comment_status":"open","ping_status":"open","sticky":false,"template":"","format":"standard","meta":{"_crdt_document":"","footnotes":""},"categories":[1],"tags":[],"class_list":["post-15188","post","type-post","status-publish","format-standard","has-post-thumbnail","hentry","category-guncel"],"_links":{"self":[{"href":"https:\/\/www.egemtv.com\/index.php?rest_route=\/wp\/v2\/posts\/15188","targetHints":{"allow":["GET"]}}],"collection":[{"href":"https:\/\/www.egemtv.com\/index.php?rest_route=\/wp\/v2\/posts"}],"about":[{"href":"https:\/\/www.egemtv.com\/index.php?rest_route=\/wp\/v2\/types\/post"}],"author":[{"embeddable":true,"href":"https:\/\/www.egemtv.com\/index.php?rest_route=\/wp\/v2\/users\/1"}],"replies":[{"embeddable":true,"href":"https:\/\/www.egemtv.com\/index.php?rest_route=%2Fwp%2Fv2%2Fcomments&post=15188"}],"version-history":[{"count":1,"href":"https:\/\/www.egemtv.com\/index.php?rest_route=\/wp\/v2\/posts\/15188\/revisions"}],"predecessor-version":[{"id":15190,"href":"https:\/\/www.egemtv.com\/index.php?rest_route=\/wp\/v2\/posts\/15188\/revisions\/15190"}],"wp:featuredmedia":[{"embeddable":true,"href":"https:\/\/www.egemtv.com\/index.php?rest_route=\/wp\/v2\/media\/15189"}],"wp:attachment":[{"href":"https:\/\/www.egemtv.com\/index.php?rest_route=%2Fwp%2Fv2%2Fmedia&parent=15188"}],"wp:term":[{"taxonomy":"category","embeddable":true,"href":"https:\/\/www.egemtv.com\/index.php?rest_route=%2Fwp%2Fv2%2Fcategories&post=15188"},{"taxonomy":"post_tag","embeddable":true,"href":"https:\/\/www.egemtv.com\/index.php?rest_route=%2Fwp%2Fv2%2Ftags&post=15188"}],"curies":[{"name":"wp","href":"https:\/\/api.w.org\/{rel}","templated":true}]}}