{"id":15185,"date":"2025-02-04T10:06:05","date_gmt":"2025-02-04T07:06:05","guid":{"rendered":"https:\/\/www.egemtv.com\/?p=15185"},"modified":"2025-02-04T10:06:11","modified_gmt":"2025-02-04T07:06:11","slug":"baskan-ercan-ciftcimizin-yaninda-olmaya-devam-edecegiz","status":"publish","type":"post","link":"https:\/\/www.egemtv.com\/?p=15185","title":{"rendered":"Ba\u015fkan Ercan: &#8220;\u00c7ift\u00e7imizin yan\u0131nda olmaya devam edece\u011fiz&#8221;"},"content":{"rendered":"<p>Ayd\u0131n\u2019\u0131n Yenipazar il\u00e7esinde Ayd\u0131n B\u00fcy\u00fck\u015fehir Belediyesi\u2019nin destekleri ile arazi yollar\u0131nda \u00e7al\u0131\u015fmalar s\u00fcr\u00fcyor. Yenipazar Belediye Ba\u015fkan\u0131 Malik Ercan \u00e7ift\u00e7inin ve \u00fcreticinin yan\u0131nda olmaya devam edeceklerini ifade ederek, &#8220;Bizlerden desteklerini esirgemeyen B\u00fcy\u00fck\u015fehir Belediye Ba\u015fkan\u0131m\u0131z \u00d6zlem \u00c7er\u00e7io\u011flu\u2019na te\u015fekk\u00fcr ederim&#8221; dedi.<\/p>\n<p>Yenipazar il\u00e7esinde, \u00e7ift\u00e7ilerin tarlalar\u0131na daha kolay ula\u015f\u0131m sa\u011flamas\u0131 ve tar\u0131m faaliyetlerinin verimlili\u011fini art\u0131rmak amac\u0131yla bozulan arazi yollar\u0131nda ba\u015flat\u0131lan \u00e7al\u0131\u015fmalar s\u00fcr\u00fcyor. Ayd\u0131n B\u00fcy\u00fck\u015fehir Belediyesi ekiplerinin deste\u011fiyle s\u00fcrd\u00fcr\u00fclen yol yap\u0131m \u00e7al\u0131\u015fmalar\u0131 \u00e7er\u00e7evesinde \u00e7ift\u00e7inin ve \u00fcreticinin her zaman yan\u0131nda olacaklar\u0131n\u0131 ifade eden Yenipazar Belediye Ba\u015fkan\u0131 Malik Ercan Ayd\u0131n B\u00fcy\u00fck\u015fehir Belediye Ba\u015fkan\u0131 \u00d6zlem \u00c7er\u00e7io\u011flu\u2019na kendilerine verdikleri destekten dolay\u0131 te\u015fekk\u00fcr etti. Ba\u015fkan Ercan, &#8220;Ayd\u0131n B\u00fcy\u00fck\u015fehir Belediyemiz ekipleriyle arazi yollar\u0131m\u0131zda \u00e7al\u0131\u015fmalar\u0131m\u0131za h\u0131z kesmeden devam ediyoruz. \u00c7ift\u00e7inin ve \u00fcreticinin yan\u0131nda olmaya devam edece\u011fiz. Bizlerden desteklerini esirgemeyen B\u00fcy\u00fck\u015fehir Belediye Ba\u015fkan\u0131m\u0131z \u00d6zlem \u00c7er\u00e7io\u011flu\u2019na te\u015fekk\u00fcr ederim&#8221; ifadelerini kulland\u0131.<br \/><\/p>\n","protected":false},"excerpt":{"rendered":"<p>Ayd\u0131n\u2019\u0131n Yenipazar il\u00e7esinde Ayd\u0131n B\u00fcy\u00fck\u015fehir Belediyesi\u2019nin destekleri ile arazi yollar\u0131nda \u00e7al\u0131\u015fmalar s\u00fcr\u00fcyor. Yenipazar Belediye Ba\u015fkan\u0131 Malik Ercan \u00e7ift\u00e7inin ve \u00fcreticinin yan\u0131nda olmaya devam edeceklerini ifade ederek, &#8220;Bizlerden desteklerini esirgemeyen B\u00fcy\u00fck\u015fehir Belediye Ba\u015fkan\u0131m\u0131z \u00d6zlem \u00c7er\u00e7io\u011flu\u2019na te\u015fekk\u00fcr ederim&#8221; dedi. Yenipazar il\u00e7esinde, \u00e7ift\u00e7ilerin tarlalar\u0131na daha kolay ula\u015f\u0131m sa\u011flamas\u0131 ve tar\u0131m faaliyetlerinin verimlili\u011fini art\u0131rmak amac\u0131yla bozulan arazi yollar\u0131nda ba\u015flat\u0131lan&#8230;<\/p>\n","protected":false},"author":1,"featured_media":15186,"comment_status":"open","ping_status":"open","sticky":false,"template":"","format":"standard","meta":{"_crdt_document":"","footnotes":""},"categories":[1],"tags":[],"class_list":["post-15185","post","type-post","status-publish","format-standard","has-post-thumbnail","hentry","category-guncel"],"_links":{"self":[{"href":"https:\/\/www.egemtv.com\/index.php?rest_route=\/wp\/v2\/posts\/15185","targetHints":{"allow":["GET"]}}],"collection":[{"href":"https:\/\/www.egemtv.com\/index.php?rest_route=\/wp\/v2\/posts"}],"about":[{"href":"https:\/\/www.egemtv.com\/index.php?rest_route=\/wp\/v2\/types\/post"}],"author":[{"embeddable":true,"href":"https:\/\/www.egemtv.com\/index.php?rest_route=\/wp\/v2\/users\/1"}],"replies":[{"embeddable":true,"href":"https:\/\/www.egemtv.com\/index.php?rest_route=%2Fwp%2Fv2%2Fcomments&post=15185"}],"version-history":[{"count":1,"href":"https:\/\/www.egemtv.com\/index.php?rest_route=\/wp\/v2\/posts\/15185\/revisions"}],"predecessor-version":[{"id":15187,"href":"https:\/\/www.egemtv.com\/index.php?rest_route=\/wp\/v2\/posts\/15185\/revisions\/15187"}],"wp:featuredmedia":[{"embeddable":true,"href":"https:\/\/www.egemtv.com\/index.php?rest_route=\/wp\/v2\/media\/15186"}],"wp:attachment":[{"href":"https:\/\/www.egemtv.com\/index.php?rest_route=%2Fwp%2Fv2%2Fmedia&parent=15185"}],"wp:term":[{"taxonomy":"category","embeddable":true,"href":"https:\/\/www.egemtv.com\/index.php?rest_route=%2Fwp%2Fv2%2Fcategories&post=15185"},{"taxonomy":"post_tag","embeddable":true,"href":"https:\/\/www.egemtv.com\/index.php?rest_route=%2Fwp%2Fv2%2Ftags&post=15185"}],"curies":[{"name":"wp","href":"https:\/\/api.w.org\/{rel}","templated":true}]}}