{"id":15182,"date":"2025-02-04T10:04:27","date_gmt":"2025-02-04T07:04:27","guid":{"rendered":"https:\/\/www.egemtv.com\/?p=15182"},"modified":"2025-02-04T10:04:32","modified_gmt":"2025-02-04T07:04:32","slug":"afyonkarahisarli-karatecilerden-bursada-buyuk-basari","status":"publish","type":"post","link":"https:\/\/www.egemtv.com\/?p=15182","title":{"rendered":"Afyonkarahisarl\u0131 karatecilerden Bursa\u2019da b\u00fcy\u00fck ba\u015far\u0131"},"content":{"rendered":"<p>Bursa\u2019da d\u00fczenlenen ve 21 ilin 64 kul\u00fcb\u00fcnden 840 sporcunun kat\u0131l\u0131m\u0131yla ger\u00e7ekle\u015fen Karate \u015eampiyonas\u0131 1. Etab\u0131, b\u00fcy\u00fck bir heyecana sahne oldu. \u015eampiyonada m\u00fccadele eden Afyon Gen\u00e7lik Spor Kul\u00fcb\u00fc sporcular\u0131, \u00fcst\u00fcn performanslar\u0131yla dikkat \u00e7ekerek 4 farkl\u0131 siklette madalya kazanmay\u0131 ba\u015fard\u0131.<br \/>\n<br \/>Afyonkarahisar\u2019\u0131 temsil eden ba\u015far\u0131l\u0131 karateciler Muhammed Yi\u011fit Do\u011fan, Alparslan Gencer, Eyl\u00fcl Ya\u011fmur \u00d6zkan ve Batuhan \u015eahin, b\u00fcy\u00fck bir m\u00fccadele \u00f6rne\u011fi sergileyerek bronz madalya kazand\u0131. Sporcular, farkl\u0131 kategorilerde sergiledikleri ba\u015far\u0131l\u0131 performanslarla k\u00fcrs\u00fcye \u00e7\u0131kman\u0131n gururunu ya\u015fad\u0131. Afyonkarahisar Gen\u00e7lik ve Spor \u0130l M\u00fcd\u00fcr\u00fc \u0130smail Hakk\u0131 Kasapo\u011flu, turnuvada dereceye giren sporcular\u0131 tebrik ederek \u015fu ifadeleri kulland\u0131:<br \/>\n<br \/>&#8220;Sporcular\u0131m\u0131z\u0131n azmi ve ba\u015far\u0131s\u0131 bizleri gururland\u0131rd\u0131. Karate bran\u015f\u0131nda elde ettikleri dereceler, disiplinli \u00e7al\u0131\u015fmalar\u0131n\u0131n ve antren\u00f6rlerimizin \u00f6zverili gayretlerinin bir sonucudur. Bu ba\u015far\u0131lar\u0131n artarak devam etmesini diliyorum. Sporcular\u0131m\u0131z\u0131, antren\u00f6rlerimizi ve ailelerini tebrik ediyorum.&#8221;<br \/><\/p>\n","protected":false},"excerpt":{"rendered":"<p>Bursa\u2019da d\u00fczenlenen ve 21 ilin 64 kul\u00fcb\u00fcnden 840 sporcunun kat\u0131l\u0131m\u0131yla ger\u00e7ekle\u015fen Karate \u015eampiyonas\u0131 1. Etab\u0131, b\u00fcy\u00fck bir heyecana sahne oldu. \u015eampiyonada m\u00fccadele eden Afyon Gen\u00e7lik Spor Kul\u00fcb\u00fc sporcular\u0131, \u00fcst\u00fcn performanslar\u0131yla dikkat \u00e7ekerek 4 farkl\u0131 siklette madalya kazanmay\u0131 ba\u015fard\u0131. Afyonkarahisar\u2019\u0131 temsil eden ba\u015far\u0131l\u0131 karateciler Muhammed Yi\u011fit Do\u011fan, Alparslan Gencer, Eyl\u00fcl Ya\u011fmur \u00d6zkan ve Batuhan \u015eahin, b\u00fcy\u00fck&#8230;<\/p>\n","protected":false},"author":1,"featured_media":15183,"comment_status":"open","ping_status":"open","sticky":false,"template":"","format":"standard","meta":{"_crdt_document":"","footnotes":""},"categories":[4],"tags":[],"class_list":["post-15182","post","type-post","status-publish","format-standard","has-post-thumbnail","hentry","category-spor"],"_links":{"self":[{"href":"https:\/\/www.egemtv.com\/index.php?rest_route=\/wp\/v2\/posts\/15182","targetHints":{"allow":["GET"]}}],"collection":[{"href":"https:\/\/www.egemtv.com\/index.php?rest_route=\/wp\/v2\/posts"}],"about":[{"href":"https:\/\/www.egemtv.com\/index.php?rest_route=\/wp\/v2\/types\/post"}],"author":[{"embeddable":true,"href":"https:\/\/www.egemtv.com\/index.php?rest_route=\/wp\/v2\/users\/1"}],"replies":[{"embeddable":true,"href":"https:\/\/www.egemtv.com\/index.php?rest_route=%2Fwp%2Fv2%2Fcomments&post=15182"}],"version-history":[{"count":1,"href":"https:\/\/www.egemtv.com\/index.php?rest_route=\/wp\/v2\/posts\/15182\/revisions"}],"predecessor-version":[{"id":15184,"href":"https:\/\/www.egemtv.com\/index.php?rest_route=\/wp\/v2\/posts\/15182\/revisions\/15184"}],"wp:featuredmedia":[{"embeddable":true,"href":"https:\/\/www.egemtv.com\/index.php?rest_route=\/wp\/v2\/media\/15183"}],"wp:attachment":[{"href":"https:\/\/www.egemtv.com\/index.php?rest_route=%2Fwp%2Fv2%2Fmedia&parent=15182"}],"wp:term":[{"taxonomy":"category","embeddable":true,"href":"https:\/\/www.egemtv.com\/index.php?rest_route=%2Fwp%2Fv2%2Fcategories&post=15182"},{"taxonomy":"post_tag","embeddable":true,"href":"https:\/\/www.egemtv.com\/index.php?rest_route=%2Fwp%2Fv2%2Ftags&post=15182"}],"curies":[{"name":"wp","href":"https:\/\/api.w.org\/{rel}","templated":true}]}}