{"id":15179,"date":"2025-02-04T10:04:18","date_gmt":"2025-02-04T07:04:18","guid":{"rendered":"https:\/\/www.egemtv.com\/?p=15179"},"modified":"2025-02-04T10:04:27","modified_gmt":"2025-02-04T07:04:27","slug":"afyonkarahisarda-okul-kantin-ve-yemekhane-calisanlarina-hijyen-egitimi-verildi","status":"publish","type":"post","link":"https:\/\/www.egemtv.com\/?p=15179","title":{"rendered":"Afyonkarahisar\u2019da okul kantin ve yemekhane \u00e7al\u0131\u015fanlar\u0131na hijyen e\u011fitimi verildi"},"content":{"rendered":"<p>Afyonkarahisar genelindeki t\u00fcm okul kantinleri ve yemekhane \u00e7al\u0131\u015fanlar\u0131na y\u00f6nelik Hijyen Kurallar\u0131 Y\u00f6netmeli\u011fi \u00e7er\u00e7evesinde hijyen e\u011fitimi d\u00fczenlendi.<br \/>\n<br \/>Okul kantinlerinde \u00e7al\u0131\u015fanlar\u0131n hijyen e\u011fitimi ve hijyen belgesi almalar\u0131n\u0131n yasal bir gereklilik oldu\u011fu kadar ayn\u0131 zamanda \u00f6\u011frenci sa\u011fl\u0131\u011f\u0131n\u0131 koruma a\u00e7\u0131s\u0131ndan da kritik bir ad\u0131m oldu\u011funu belirten \u0130l Tar\u0131m ve Orman M\u00fcd\u00fcr\u00fc \u00d6zkan Parlak, &#8220;\u00d6\u011frencilerimizin sa\u011fl\u0131kl\u0131 ve g\u00fcvenli bir \u015fekilde beslenmesini sa\u011flamak amac\u0131yla Mill\u00ee E\u011fitim Bakanl\u0131\u011f\u0131na ba\u011fl\u0131 okullarda g\u0131da g\u00fcvenli\u011fi ve hijyen standartlar\u0131n\u0131n en \u00fcst d\u00fczeyde tutulmas\u0131n\u0131 hedefliyoruz. Hijyen e\u011fitimi bu standartlar\u0131 sa\u011flamak i\u00e7in at\u0131lmas\u0131 gereken ilk ad\u0131mlardan biriydi. Bizler de ilk ad\u0131m\u0131 att\u0131k ve bu kapsamda ilimiz genelinde 152 ki\u015fiye hijyen e\u011fitimi verildi&#8221; dedi.<br \/>\n<br \/>Parlak, e\u011fitime kat\u0131lanlara hijyen belgesi verilece\u011fini \u00f6\u011frenci ve personelin sa\u011fl\u0131\u011f\u0131n\u0131n korunmas\u0131 ad\u0131na e\u011fitim ve denetim \u00e7al\u0131\u015fmalar\u0131n\u0131n devam edilece\u011fini s\u00f6yledi.<br \/>\n<br \/>Uzmanlar taraf\u0131ndan, g\u0131da hijyeni, \u00e7apraz bula\u015fma riskleri, temizlik ve sanitasyon uygulamalar\u0131, sa\u011fl\u0131kl\u0131 saklama ko\u015fullar\u0131 gibi konularda bilgilendirmeler yap\u0131ld\u0131.<br \/><\/p>\n","protected":false},"excerpt":{"rendered":"<p>Afyonkarahisar genelindeki t\u00fcm okul kantinleri ve yemekhane \u00e7al\u0131\u015fanlar\u0131na y\u00f6nelik Hijyen Kurallar\u0131 Y\u00f6netmeli\u011fi \u00e7er\u00e7evesinde hijyen e\u011fitimi d\u00fczenlendi. Okul kantinlerinde \u00e7al\u0131\u015fanlar\u0131n hijyen e\u011fitimi ve hijyen belgesi almalar\u0131n\u0131n yasal bir gereklilik oldu\u011fu kadar ayn\u0131 zamanda \u00f6\u011frenci sa\u011fl\u0131\u011f\u0131n\u0131 koruma a\u00e7\u0131s\u0131ndan da kritik bir ad\u0131m oldu\u011funu belirten \u0130l Tar\u0131m ve Orman M\u00fcd\u00fcr\u00fc \u00d6zkan Parlak, &#8220;\u00d6\u011frencilerimizin sa\u011fl\u0131kl\u0131 ve g\u00fcvenli bir \u015fekilde&#8230;<\/p>\n","protected":false},"author":1,"featured_media":15180,"comment_status":"open","ping_status":"open","sticky":false,"template":"","format":"standard","meta":{"_crdt_document":"","footnotes":""},"categories":[1],"tags":[],"class_list":["post-15179","post","type-post","status-publish","format-standard","has-post-thumbnail","hentry","category-guncel"],"_links":{"self":[{"href":"https:\/\/www.egemtv.com\/index.php?rest_route=\/wp\/v2\/posts\/15179","targetHints":{"allow":["GET"]}}],"collection":[{"href":"https:\/\/www.egemtv.com\/index.php?rest_route=\/wp\/v2\/posts"}],"about":[{"href":"https:\/\/www.egemtv.com\/index.php?rest_route=\/wp\/v2\/types\/post"}],"author":[{"embeddable":true,"href":"https:\/\/www.egemtv.com\/index.php?rest_route=\/wp\/v2\/users\/1"}],"replies":[{"embeddable":true,"href":"https:\/\/www.egemtv.com\/index.php?rest_route=%2Fwp%2Fv2%2Fcomments&post=15179"}],"version-history":[{"count":1,"href":"https:\/\/www.egemtv.com\/index.php?rest_route=\/wp\/v2\/posts\/15179\/revisions"}],"predecessor-version":[{"id":15181,"href":"https:\/\/www.egemtv.com\/index.php?rest_route=\/wp\/v2\/posts\/15179\/revisions\/15181"}],"wp:featuredmedia":[{"embeddable":true,"href":"https:\/\/www.egemtv.com\/index.php?rest_route=\/wp\/v2\/media\/15180"}],"wp:attachment":[{"href":"https:\/\/www.egemtv.com\/index.php?rest_route=%2Fwp%2Fv2%2Fmedia&parent=15179"}],"wp:term":[{"taxonomy":"category","embeddable":true,"href":"https:\/\/www.egemtv.com\/index.php?rest_route=%2Fwp%2Fv2%2Fcategories&post=15179"},{"taxonomy":"post_tag","embeddable":true,"href":"https:\/\/www.egemtv.com\/index.php?rest_route=%2Fwp%2Fv2%2Ftags&post=15179"}],"curies":[{"name":"wp","href":"https:\/\/api.w.org\/{rel}","templated":true}]}}