{"id":15176,"date":"2025-02-04T10:04:10","date_gmt":"2025-02-04T07:04:10","guid":{"rendered":"https:\/\/www.egemtv.com\/?p=15176"},"modified":"2025-02-04T10:04:18","modified_gmt":"2025-02-04T07:04:18","slug":"eber-golu-ve-akarcay-havzasi-icin-adimlar-hizlaniyor","status":"publish","type":"post","link":"https:\/\/www.egemtv.com\/?p=15176","title":{"rendered":"Eber G\u00f6l\u00fc ve Akar\u00e7ay Havzas\u0131 i\u00e7in ad\u0131mlar h\u0131zlan\u0131yor"},"content":{"rendered":"<p>Kuruma tehlikesinin ba\u015f g\u00f6sterdi\u011fi Eber G\u00f6l\u00fc ve Akar\u00e7ay Havzas\u0131 i\u00e7in Afyonkarahisar Valili\u011fi koordinasyonunda, Avrupa Birli\u011fi taraf\u0131ndan finanse edilen Interreg NEXT MED Program\u0131 \u00e7er\u00e7evesinde \u00e7evresel restorasyon ve s\u00fcrd\u00fcr\u00fclebilir kalk\u0131nma odakl\u0131 bir proje \u00e7al\u0131\u015fmas\u0131 ba\u015flat\u0131ld\u0131.<br \/>\n<br \/>Proje ekibi, b\u00f6lgenin korunmas\u0131 ve geli\u015ftirilmesi amac\u0131yla alan\u0131nda uzman akademisyenler ve sivil toplum kurulu\u015flar\u0131n\u0131n temsilcilerinden olu\u015fuyor. \u0130lk toplant\u0131, ge\u00e7ti\u011fimiz g\u00fcnlerde Afyonkarahisar Bolvadin Kaymakam\u0131 ve Afyonkarahisar Vali Yard\u0131mc\u0131s\u0131 Vekili Ali Ar\u0131kan ba\u015fkanl\u0131\u011f\u0131nda ger\u00e7ekle\u015ftirilmi\u015fti.<br \/>\n<br \/>Avrupa Birli\u011fi taraf\u0131ndan finanse edilen Interreg NEXT MED Program\u0131, Akdeniz b\u00f6lgesinde s\u00fcrd\u00fcr\u00fclebilir kalk\u0131nma ve s\u0131n\u0131r \u00f6tesi i\u015f birli\u011fini te\u015fvik etmeyi ama\u00e7l\u0131yor. Toplam b\u00fct\u00e7esi 263 milyon euro olan program\u0131n 83,7 milyon avroluk b\u00f6l\u00fcm\u00fc, ye\u015fil d\u00f6n\u00fc\u015f\u00fcm projelerine ayr\u0131ld\u0131. T\u00fcrkiye\u2019nin de dahil oldu\u011fu 15 \u00fclkeden 100\u2019den fazla b\u00f6lgeyi kapsayan bu program, ekonomik, \u00e7evresel ve sosyal kalk\u0131nmaya b\u00fcy\u00fck katk\u0131 sa\u011flamay\u0131 hedefliyor.<br \/>\n<br \/>Proje Ekibi G\u00f6l\u00fc inceledi<br \/>\n<br \/>Proje i\u00e7in g\u00f6revlendirilen akademisyen ve uzmanlar, bu hafta Eber G\u00f6l\u00fc\u2019n\u00fc inceleyerek proje kapsam\u0131nda uygulanabilecek muhtemel m\u00fcdahale alanlar\u0131n\u0131 belirledi. Proje kapsam\u0131nda, su kaynaklar\u0131n\u0131n korunmas\u0131, tar\u0131msal s\u00fcrd\u00fcr\u00fclebilirli\u011fin art\u0131r\u0131lmas\u0131 ve ekoturizmi te\u015fvik gibi \u00f6ncelikler ama\u00e7lan\u0131yor.<br \/><\/p>\n","protected":false},"excerpt":{"rendered":"<p>Kuruma tehlikesinin ba\u015f g\u00f6sterdi\u011fi Eber G\u00f6l\u00fc ve Akar\u00e7ay Havzas\u0131 i\u00e7in Afyonkarahisar Valili\u011fi koordinasyonunda, Avrupa Birli\u011fi taraf\u0131ndan finanse edilen Interreg NEXT MED Program\u0131 \u00e7er\u00e7evesinde \u00e7evresel restorasyon ve s\u00fcrd\u00fcr\u00fclebilir kalk\u0131nma odakl\u0131 bir proje \u00e7al\u0131\u015fmas\u0131 ba\u015flat\u0131ld\u0131. Proje ekibi, b\u00f6lgenin korunmas\u0131 ve geli\u015ftirilmesi amac\u0131yla alan\u0131nda uzman akademisyenler ve sivil toplum kurulu\u015flar\u0131n\u0131n temsilcilerinden olu\u015fuyor. \u0130lk toplant\u0131, ge\u00e7ti\u011fimiz g\u00fcnlerde Afyonkarahisar Bolvadin&#8230;<\/p>\n","protected":false},"author":1,"featured_media":15177,"comment_status":"open","ping_status":"open","sticky":false,"template":"","format":"standard","meta":{"_crdt_document":"","footnotes":""},"categories":[1],"tags":[],"class_list":["post-15176","post","type-post","status-publish","format-standard","has-post-thumbnail","hentry","category-guncel"],"_links":{"self":[{"href":"https:\/\/www.egemtv.com\/index.php?rest_route=\/wp\/v2\/posts\/15176","targetHints":{"allow":["GET"]}}],"collection":[{"href":"https:\/\/www.egemtv.com\/index.php?rest_route=\/wp\/v2\/posts"}],"about":[{"href":"https:\/\/www.egemtv.com\/index.php?rest_route=\/wp\/v2\/types\/post"}],"author":[{"embeddable":true,"href":"https:\/\/www.egemtv.com\/index.php?rest_route=\/wp\/v2\/users\/1"}],"replies":[{"embeddable":true,"href":"https:\/\/www.egemtv.com\/index.php?rest_route=%2Fwp%2Fv2%2Fcomments&post=15176"}],"version-history":[{"count":1,"href":"https:\/\/www.egemtv.com\/index.php?rest_route=\/wp\/v2\/posts\/15176\/revisions"}],"predecessor-version":[{"id":15178,"href":"https:\/\/www.egemtv.com\/index.php?rest_route=\/wp\/v2\/posts\/15176\/revisions\/15178"}],"wp:featuredmedia":[{"embeddable":true,"href":"https:\/\/www.egemtv.com\/index.php?rest_route=\/wp\/v2\/media\/15177"}],"wp:attachment":[{"href":"https:\/\/www.egemtv.com\/index.php?rest_route=%2Fwp%2Fv2%2Fmedia&parent=15176"}],"wp:term":[{"taxonomy":"category","embeddable":true,"href":"https:\/\/www.egemtv.com\/index.php?rest_route=%2Fwp%2Fv2%2Fcategories&post=15176"},{"taxonomy":"post_tag","embeddable":true,"href":"https:\/\/www.egemtv.com\/index.php?rest_route=%2Fwp%2Fv2%2Ftags&post=15176"}],"curies":[{"name":"wp","href":"https:\/\/api.w.org\/{rel}","templated":true}]}}