{"id":15173,"date":"2025-02-04T09:58:42","date_gmt":"2025-02-04T06:58:42","guid":{"rendered":"https:\/\/www.egemtv.com\/?p=15173"},"modified":"2025-02-04T09:58:47","modified_gmt":"2025-02-04T06:58:47","slug":"kocarlida-jandarma-ekipleri-ogrencilerle-bulustu","status":"publish","type":"post","link":"https:\/\/www.egemtv.com\/?p=15173","title":{"rendered":"Ko\u00e7arl\u0131\u2019da jandarma ekipleri \u00f6\u011frencilerle bulu\u015ftu"},"content":{"rendered":"<p>Ayd\u0131n\u2019\u0131n Ko\u00e7arl\u0131 il\u00e7esinde jandarma ekipleri ilkokul \u00f6\u011frencileri ile bir araya gelerek jandarmay\u0131 tan\u0131tt\u0131.<\/p>\n<p>Ayd\u0131n \u0130l Jandarma Komutanl\u0131\u011f\u0131 ve Ko\u00e7arl\u0131 \u0130l\u00e7e Jandarma Komutanl\u0131\u011f\u0131 personelleri B\u0131y\u0131kl\u0131 \u0130lkokulu\u2019nu ziyaret etti. Ziyarette \u00f6\u011frencilerle bulu\u015farak \u2019jandarma ile okulumda g\u00fcvendeyim\u2019 slogan\u0131 ile \u00e7al\u0131\u015fmalar ger\u00e7ekle\u015ftiren ekipler jandarma hakk\u0131nda bilgilendirmelerde bulundu. Jandarman\u0131n sorumluluk alanlar\u0131 ve ger\u00e7ekle\u015ftirdi\u011fi \u00e7al\u0131\u015fmalar hakk\u0131nda \u00f6\u011frencileri bilgilendiren ekipler, program sonunda kendilerine y\u00f6neltilen sorular\u0131 yan\u0131tlad\u0131. \u00d6\u011frencilere jandarma \u015fapkas\u0131 ve T\u00fcrk Bayra\u011f\u0131 hediye eden ekiplere \u00f6\u011fretmen ve okul idarecileri te\u015fekk\u00fcr etti.<br \/><\/p>\n","protected":false},"excerpt":{"rendered":"<p>Ayd\u0131n\u2019\u0131n Ko\u00e7arl\u0131 il\u00e7esinde jandarma ekipleri ilkokul \u00f6\u011frencileri ile bir araya gelerek jandarmay\u0131 tan\u0131tt\u0131. Ayd\u0131n \u0130l Jandarma Komutanl\u0131\u011f\u0131 ve Ko\u00e7arl\u0131 \u0130l\u00e7e Jandarma Komutanl\u0131\u011f\u0131 personelleri B\u0131y\u0131kl\u0131 \u0130lkokulu\u2019nu ziyaret etti. Ziyarette \u00f6\u011frencilerle bulu\u015farak \u2019jandarma ile okulumda g\u00fcvendeyim\u2019 slogan\u0131 ile \u00e7al\u0131\u015fmalar ger\u00e7ekle\u015ftiren ekipler jandarma hakk\u0131nda bilgilendirmelerde bulundu. Jandarman\u0131n sorumluluk alanlar\u0131 ve ger\u00e7ekle\u015ftirdi\u011fi \u00e7al\u0131\u015fmalar hakk\u0131nda \u00f6\u011frencileri bilgilendiren ekipler, program sonunda&#8230;<\/p>\n","protected":false},"author":1,"featured_media":15174,"comment_status":"open","ping_status":"open","sticky":false,"template":"","format":"standard","meta":{"_crdt_document":"","footnotes":""},"categories":[1],"tags":[],"class_list":["post-15173","post","type-post","status-publish","format-standard","has-post-thumbnail","hentry","category-guncel"],"_links":{"self":[{"href":"https:\/\/www.egemtv.com\/index.php?rest_route=\/wp\/v2\/posts\/15173","targetHints":{"allow":["GET"]}}],"collection":[{"href":"https:\/\/www.egemtv.com\/index.php?rest_route=\/wp\/v2\/posts"}],"about":[{"href":"https:\/\/www.egemtv.com\/index.php?rest_route=\/wp\/v2\/types\/post"}],"author":[{"embeddable":true,"href":"https:\/\/www.egemtv.com\/index.php?rest_route=\/wp\/v2\/users\/1"}],"replies":[{"embeddable":true,"href":"https:\/\/www.egemtv.com\/index.php?rest_route=%2Fwp%2Fv2%2Fcomments&post=15173"}],"version-history":[{"count":1,"href":"https:\/\/www.egemtv.com\/index.php?rest_route=\/wp\/v2\/posts\/15173\/revisions"}],"predecessor-version":[{"id":15175,"href":"https:\/\/www.egemtv.com\/index.php?rest_route=\/wp\/v2\/posts\/15173\/revisions\/15175"}],"wp:featuredmedia":[{"embeddable":true,"href":"https:\/\/www.egemtv.com\/index.php?rest_route=\/wp\/v2\/media\/15174"}],"wp:attachment":[{"href":"https:\/\/www.egemtv.com\/index.php?rest_route=%2Fwp%2Fv2%2Fmedia&parent=15173"}],"wp:term":[{"taxonomy":"category","embeddable":true,"href":"https:\/\/www.egemtv.com\/index.php?rest_route=%2Fwp%2Fv2%2Fcategories&post=15173"},{"taxonomy":"post_tag","embeddable":true,"href":"https:\/\/www.egemtv.com\/index.php?rest_route=%2Fwp%2Fv2%2Ftags&post=15173"}],"curies":[{"name":"wp","href":"https:\/\/api.w.org\/{rel}","templated":true}]}}