{"id":15170,"date":"2025-02-04T09:56:19","date_gmt":"2025-02-04T06:56:19","guid":{"rendered":"https:\/\/www.egemtv.com\/?p=15170"},"modified":"2025-02-04T09:56:24","modified_gmt":"2025-02-04T06:56:24","slug":"afyonkarahisarda-kacak-yakalandi","status":"publish","type":"post","link":"https:\/\/www.egemtv.com\/?p=15170","title":{"rendered":"Afyonkarahisar\u2019da ka\u00e7ak yakaland\u0131"},"content":{"rendered":"<p>Afyonkarahisar\u2019da hakk\u0131nda kasten yaralama su\u00e7undan 6 y\u0131l hapis cezas\u0131 bulunan \u015fah\u0131s jandarma ekipleri taraf\u0131ndan yakalanarak cezaevine g\u00f6nderildi.<br \/>\n<br \/>Afyonkarahisar \u0130l Jandarma Komutanl\u0131\u011f\u0131, aranan \u015fah\u0131slar\u0131n tespiti ve yakalanmas\u0131na y\u00f6nelik \u00e7al\u0131\u015fmalar\u0131na devam ediyor. Bu \u00e7er\u00e7evede ekiplerce icra edilen \u00f6nleyici kolluk devriyesinde; hakk\u0131nda kasten yaralama su\u00e7undan 6 y\u0131l hapis cezas\u0131 bulunan A.O. isimli \u015fah\u0131s Salar\u2019da yakaland\u0131.  Yakalanan \u015fah\u0131s, \u00e7\u0131kar\u0131ld\u0131\u011f\u0131 mahkemece tutuklanarak Afyonkarahisar Ceza \u0130nfaz Kurumuna teslim edildi.<br \/><\/p>\n","protected":false},"excerpt":{"rendered":"<p>Afyonkarahisar\u2019da hakk\u0131nda kasten yaralama su\u00e7undan 6 y\u0131l hapis cezas\u0131 bulunan \u015fah\u0131s jandarma ekipleri taraf\u0131ndan yakalanarak cezaevine g\u00f6nderildi. Afyonkarahisar \u0130l Jandarma Komutanl\u0131\u011f\u0131, aranan \u015fah\u0131slar\u0131n tespiti ve yakalanmas\u0131na y\u00f6nelik \u00e7al\u0131\u015fmalar\u0131na devam ediyor. Bu \u00e7er\u00e7evede ekiplerce icra edilen \u00f6nleyici kolluk devriyesinde; hakk\u0131nda kasten yaralama su\u00e7undan 6 y\u0131l hapis cezas\u0131 bulunan A.O. isimli \u015fah\u0131s Salar\u2019da yakaland\u0131. Yakalanan \u015fah\u0131s, \u00e7\u0131kar\u0131ld\u0131\u011f\u0131&#8230;<\/p>\n","protected":false},"author":1,"featured_media":15171,"comment_status":"open","ping_status":"open","sticky":false,"template":"","format":"standard","meta":{"_crdt_document":"","footnotes":""},"categories":[5],"tags":[],"class_list":["post-15170","post","type-post","status-publish","format-standard","has-post-thumbnail","hentry","category-asayis"],"_links":{"self":[{"href":"https:\/\/www.egemtv.com\/index.php?rest_route=\/wp\/v2\/posts\/15170","targetHints":{"allow":["GET"]}}],"collection":[{"href":"https:\/\/www.egemtv.com\/index.php?rest_route=\/wp\/v2\/posts"}],"about":[{"href":"https:\/\/www.egemtv.com\/index.php?rest_route=\/wp\/v2\/types\/post"}],"author":[{"embeddable":true,"href":"https:\/\/www.egemtv.com\/index.php?rest_route=\/wp\/v2\/users\/1"}],"replies":[{"embeddable":true,"href":"https:\/\/www.egemtv.com\/index.php?rest_route=%2Fwp%2Fv2%2Fcomments&post=15170"}],"version-history":[{"count":1,"href":"https:\/\/www.egemtv.com\/index.php?rest_route=\/wp\/v2\/posts\/15170\/revisions"}],"predecessor-version":[{"id":15172,"href":"https:\/\/www.egemtv.com\/index.php?rest_route=\/wp\/v2\/posts\/15170\/revisions\/15172"}],"wp:featuredmedia":[{"embeddable":true,"href":"https:\/\/www.egemtv.com\/index.php?rest_route=\/wp\/v2\/media\/15171"}],"wp:attachment":[{"href":"https:\/\/www.egemtv.com\/index.php?rest_route=%2Fwp%2Fv2%2Fmedia&parent=15170"}],"wp:term":[{"taxonomy":"category","embeddable":true,"href":"https:\/\/www.egemtv.com\/index.php?rest_route=%2Fwp%2Fv2%2Fcategories&post=15170"},{"taxonomy":"post_tag","embeddable":true,"href":"https:\/\/www.egemtv.com\/index.php?rest_route=%2Fwp%2Fv2%2Ftags&post=15170"}],"curies":[{"name":"wp","href":"https:\/\/api.w.org\/{rel}","templated":true}]}}