{"id":15164,"date":"2025-02-04T09:53:15","date_gmt":"2025-02-04T06:53:15","guid":{"rendered":"https:\/\/www.egemtv.com\/?p=15164"},"modified":"2025-02-04T09:53:19","modified_gmt":"2025-02-04T06:53:19","slug":"buharkentli-minikler-belediyeyi-yakindan-tanidi","status":"publish","type":"post","link":"https:\/\/www.egemtv.com\/?p=15164","title":{"rendered":"Buharkentli minikler belediyeyi yak\u0131ndan tan\u0131d\u0131"},"content":{"rendered":"<p>Ayd\u0131n\u2019\u0131n Buharkent il\u00e7esinde belediye binas\u0131n\u0131 ziyaret eden ilkokul \u00f6\u011frencileri, Belediye Ba\u015fkan\u0131 Mehmet Erol ile g\u00f6r\u00fc\u015ferek, belediye ba\u015fkanl\u0131\u011f\u0131 hakk\u0131nda merak ettikleri sorular\u0131na yan\u0131t buldu.<\/p>\n<p>Buharkent il\u00e7esinde y\u00fcr\u00fct\u00fclen \u2019B\u00fcy\u00fcy\u00fcnce Ne Olsam\u2019 projesi \u00e7er\u00e7evesinde 4. s\u0131n\u0131f \u00f6\u011frencileri Buharkent Belediyesi\u2019ni ziyaret etti. Buharkent Belediye Ba\u015fkan\u0131 Mehmet Erol\u2019un misafiri olan minikler, hem belediyeyi daha yak\u0131ndan tan\u0131d\u0131, hem de belediye ba\u015fkanl\u0131\u011f\u0131 hakk\u0131nda merak ettiklerini sorma f\u0131rsat\u0131 yakalad\u0131. Ba\u015fkan Erol\u2019u makam\u0131nda ziyaret eden ilkokul \u00f6\u011frencileri unutulmaz bir g\u00fcn ge\u00e7irirken ziyaretin ard\u0131ndan belediye meclis toplant\u0131s\u0131na kat\u0131ld\u0131.<\/p>\n<p>Ziyaretler ile ilgili a\u00e7\u0131klama yapan Buharkent Belediye Ba\u015fkan\u0131 Mehmet Erol, sosyal medya payla\u015f\u0131m\u0131nda &#8220;\u0130l\u00e7emizin y\u00fcr\u00fctmekte oldu\u011fu \u2019B\u00fcy\u00fcy\u00fcnce Ne Olsam\u2019 projesi kapsam\u0131nda il\u00e7emiz 4. s\u0131n\u0131f \u00f6\u011frencilerini belediyemizde a\u011f\u0131rlad\u0131k. \u00c7ocuklar\u0131m\u0131z\u0131n merak ettikleri konularla ilgili sorular\u0131n\u0131 yan\u0131tlad\u0131k. Ard\u0131ndan Belediye Meclisimizin \u015eubat ay\u0131 birinci oturumunda bir araya geldik&#8221; ifadelerine yer verdi.<br \/><\/p>\n","protected":false},"excerpt":{"rendered":"<p>Ayd\u0131n\u2019\u0131n Buharkent il\u00e7esinde belediye binas\u0131n\u0131 ziyaret eden ilkokul \u00f6\u011frencileri, Belediye Ba\u015fkan\u0131 Mehmet Erol ile g\u00f6r\u00fc\u015ferek, belediye ba\u015fkanl\u0131\u011f\u0131 hakk\u0131nda merak ettikleri sorular\u0131na yan\u0131t buldu. Buharkent il\u00e7esinde y\u00fcr\u00fct\u00fclen \u2019B\u00fcy\u00fcy\u00fcnce Ne Olsam\u2019 projesi \u00e7er\u00e7evesinde 4. s\u0131n\u0131f \u00f6\u011frencileri Buharkent Belediyesi\u2019ni ziyaret etti. Buharkent Belediye Ba\u015fkan\u0131 Mehmet Erol\u2019un misafiri olan minikler, hem belediyeyi daha yak\u0131ndan tan\u0131d\u0131, hem de belediye ba\u015fkanl\u0131\u011f\u0131&#8230;<\/p>\n","protected":false},"author":1,"featured_media":15165,"comment_status":"open","ping_status":"open","sticky":false,"template":"","format":"standard","meta":{"_crdt_document":"","footnotes":""},"categories":[1],"tags":[],"class_list":["post-15164","post","type-post","status-publish","format-standard","has-post-thumbnail","hentry","category-guncel"],"_links":{"self":[{"href":"https:\/\/www.egemtv.com\/index.php?rest_route=\/wp\/v2\/posts\/15164","targetHints":{"allow":["GET"]}}],"collection":[{"href":"https:\/\/www.egemtv.com\/index.php?rest_route=\/wp\/v2\/posts"}],"about":[{"href":"https:\/\/www.egemtv.com\/index.php?rest_route=\/wp\/v2\/types\/post"}],"author":[{"embeddable":true,"href":"https:\/\/www.egemtv.com\/index.php?rest_route=\/wp\/v2\/users\/1"}],"replies":[{"embeddable":true,"href":"https:\/\/www.egemtv.com\/index.php?rest_route=%2Fwp%2Fv2%2Fcomments&post=15164"}],"version-history":[{"count":1,"href":"https:\/\/www.egemtv.com\/index.php?rest_route=\/wp\/v2\/posts\/15164\/revisions"}],"predecessor-version":[{"id":15166,"href":"https:\/\/www.egemtv.com\/index.php?rest_route=\/wp\/v2\/posts\/15164\/revisions\/15166"}],"wp:featuredmedia":[{"embeddable":true,"href":"https:\/\/www.egemtv.com\/index.php?rest_route=\/wp\/v2\/media\/15165"}],"wp:attachment":[{"href":"https:\/\/www.egemtv.com\/index.php?rest_route=%2Fwp%2Fv2%2Fmedia&parent=15164"}],"wp:term":[{"taxonomy":"category","embeddable":true,"href":"https:\/\/www.egemtv.com\/index.php?rest_route=%2Fwp%2Fv2%2Fcategories&post=15164"},{"taxonomy":"post_tag","embeddable":true,"href":"https:\/\/www.egemtv.com\/index.php?rest_route=%2Fwp%2Fv2%2Ftags&post=15164"}],"curies":[{"name":"wp","href":"https:\/\/api.w.org\/{rel}","templated":true}]}}