{"id":15161,"date":"2025-02-04T09:43:42","date_gmt":"2025-02-04T06:43:42","guid":{"rendered":"https:\/\/www.egemtv.com\/?p=15161"},"modified":"2025-02-04T09:43:43","modified_gmt":"2025-02-04T06:43:43","slug":"nazillide-uyusturucu-operasyonu-1-tutuklama","status":"publish","type":"post","link":"https:\/\/www.egemtv.com\/?p=15161","title":{"rendered":"Nazilli\u2019de uyu\u015fturucu operasyonu: 1 tutuklama"},"content":{"rendered":"<p>Ayd\u0131n\u2019\u0131n Nazilli il\u00e7esinde emniyet g\u00fc\u00e7leri taraf\u0131ndan ger\u00e7ekle\u015ftirilen operasyon kapsam\u0131nda g\u00f6zalt\u0131na al\u0131nan bir \u015f\u00fcpheli \u00e7\u0131kart\u0131ld\u0131\u011f\u0131 adli makamlarca uyu\u015fturucu madde ticareti su\u00e7undan tutuklanarak cezaevine g\u00f6nderildi.<\/p>\n<p>Ayd\u0131n\u2019da narkotik ekiplerinin uyu\u015fturucu madde kullan\u0131m\u0131 ve ticaretinin \u00f6nlenmesine y\u00f6nelik \u00e7al\u0131\u015fmalar\u0131 aral\u0131ks\u0131z s\u00fcr\u00fcyor. Zehir tacirlerine sava\u015f a\u00e7an ekipler, ger\u00e7ekle\u015ftirdikleri ba\u015far\u0131l\u0131 operasyonlar\u0131na her ge\u00e7en g\u00fcn yenisini ekliyor. Edinilen bilgiye g\u00f6re, Nazilli \u0130l\u00e7e Emniyet M\u00fcd\u00fcrl\u00fc\u011f\u00fc Narkotik Su\u00e7larla M\u00fccadele Grup Amirli\u011fi bir s\u00fcredir takibe ald\u0131klar\u0131 N.T. (46) isimli \u015f\u00fcpheli \u015fahs\u0131 d\u00fczenledikleri operasyon ile yakalad\u0131. \u015e\u00fcpheli \u015fahs\u0131n evinde yap\u0131lan aramalarda, 14 par\u00e7a halinde 47 gr metamfetamin, 4 par\u00e7a halinde 46 gr esrar, 1 adet \u00e7al\u0131\u015f\u0131r vaziyette hassas terazi, 1 adet ruhsats\u0131z tabanca ve 1 adet \u015farj\u00f6r, su\u00e7tan elde edildi\u011fi de\u011ferlendirilen 17 bin 400 TL ele ge\u00e7irildi. \u015e\u00fcpheli N.T. ise emniyetteki i\u015flemlerinin ard\u0131ndan \u00e7\u0131kart\u0131ld\u0131\u011f\u0131 adli makamlarca \u2019uyu\u015fturucu madde ticareti yapmak\u2019 su\u00e7undan tutuklanarak cezaevine g\u00f6nderildi.<br \/><\/p>\n","protected":false},"excerpt":{"rendered":"<p>Ayd\u0131n\u2019\u0131n Nazilli il\u00e7esinde emniyet g\u00fc\u00e7leri taraf\u0131ndan ger\u00e7ekle\u015ftirilen operasyon kapsam\u0131nda g\u00f6zalt\u0131na al\u0131nan bir \u015f\u00fcpheli \u00e7\u0131kart\u0131ld\u0131\u011f\u0131 adli makamlarca uyu\u015fturucu madde ticareti su\u00e7undan tutuklanarak cezaevine g\u00f6nderildi. Ayd\u0131n\u2019da narkotik ekiplerinin uyu\u015fturucu madde kullan\u0131m\u0131 ve ticaretinin \u00f6nlenmesine y\u00f6nelik \u00e7al\u0131\u015fmalar\u0131 aral\u0131ks\u0131z s\u00fcr\u00fcyor. Zehir tacirlerine sava\u015f a\u00e7an ekipler, ger\u00e7ekle\u015ftirdikleri ba\u015far\u0131l\u0131 operasyonlar\u0131na her ge\u00e7en g\u00fcn yenisini ekliyor. Edinilen bilgiye g\u00f6re, Nazilli \u0130l\u00e7e Emniyet&#8230;<\/p>\n","protected":false},"author":1,"featured_media":15162,"comment_status":"open","ping_status":"open","sticky":false,"template":"","format":"standard","meta":{"_crdt_document":"","footnotes":""},"categories":[5],"tags":[],"class_list":["post-15161","post","type-post","status-publish","format-standard","has-post-thumbnail","hentry","category-asayis"],"_links":{"self":[{"href":"https:\/\/www.egemtv.com\/index.php?rest_route=\/wp\/v2\/posts\/15161","targetHints":{"allow":["GET"]}}],"collection":[{"href":"https:\/\/www.egemtv.com\/index.php?rest_route=\/wp\/v2\/posts"}],"about":[{"href":"https:\/\/www.egemtv.com\/index.php?rest_route=\/wp\/v2\/types\/post"}],"author":[{"embeddable":true,"href":"https:\/\/www.egemtv.com\/index.php?rest_route=\/wp\/v2\/users\/1"}],"replies":[{"embeddable":true,"href":"https:\/\/www.egemtv.com\/index.php?rest_route=%2Fwp%2Fv2%2Fcomments&post=15161"}],"version-history":[{"count":1,"href":"https:\/\/www.egemtv.com\/index.php?rest_route=\/wp\/v2\/posts\/15161\/revisions"}],"predecessor-version":[{"id":15163,"href":"https:\/\/www.egemtv.com\/index.php?rest_route=\/wp\/v2\/posts\/15161\/revisions\/15163"}],"wp:featuredmedia":[{"embeddable":true,"href":"https:\/\/www.egemtv.com\/index.php?rest_route=\/wp\/v2\/media\/15162"}],"wp:attachment":[{"href":"https:\/\/www.egemtv.com\/index.php?rest_route=%2Fwp%2Fv2%2Fmedia&parent=15161"}],"wp:term":[{"taxonomy":"category","embeddable":true,"href":"https:\/\/www.egemtv.com\/index.php?rest_route=%2Fwp%2Fv2%2Fcategories&post=15161"},{"taxonomy":"post_tag","embeddable":true,"href":"https:\/\/www.egemtv.com\/index.php?rest_route=%2Fwp%2Fv2%2Ftags&post=15161"}],"curies":[{"name":"wp","href":"https:\/\/api.w.org\/{rel}","templated":true}]}}