{"id":15158,"date":"2025-02-04T09:43:39","date_gmt":"2025-02-04T06:43:39","guid":{"rendered":"https:\/\/www.egemtv.com\/?p=15158"},"modified":"2025-02-04T09:43:41","modified_gmt":"2025-02-04T06:43:41","slug":"muglada-il-guvenlik-ve-asayis-toplantisi-gerceklestirildi","status":"publish","type":"post","link":"https:\/\/www.egemtv.com\/?p=15158","title":{"rendered":"Mu\u011fla\u2019da \u0130l G\u00fcvenlik ve Asayi\u015f toplant\u0131s\u0131 ger\u00e7ekle\u015ftirildi"},"content":{"rendered":"<p>Mu\u011fla Valisi Dr. \u0130dris Akb\u0131y\u0131k ba\u015fkanl\u0131\u011f\u0131nda \u0130l G\u00fcvenlik ve Asayi\u015f Toplant\u0131s\u0131 d\u00fczenlenirken, toplant\u0131da, kent genelinde y\u00fcr\u00fct\u00fclen g\u00fcvenlik \u00e7al\u0131\u015fmalar\u0131 kapsaml\u0131 \u015fekilde ele al\u0131nd\u0131.<\/p>\n<p>Toplant\u0131da, organize su\u00e7 \u00f6rg\u00fctleriyle m\u00fccadele, ka\u00e7ak\u00e7\u0131l\u0131kla m\u00fccadele \u00e7al\u0131\u015fmalar\u0131, uyu\u015fturucu ve madde ba\u011f\u0131ml\u0131l\u0131\u011f\u0131yla m\u00fccadele, asayi\u015f olaylar\u0131n\u0131n \u00f6nlenmesi ve m\u00fcdahale s\u00fcre\u00e7leri, siber su\u00e7larla m\u00fccadele, d\u00fczensiz g\u00f6\u00e7 ve g\u00f6\u00e7men ka\u00e7ak\u00e7\u0131l\u0131\u011f\u0131na y\u00f6nelik tedbirler, aranan \u015fah\u0131slara y\u00f6nelik y\u00fcr\u00fct\u00fclen \u00e7al\u0131\u015fmalar, sosyal medya \u00fczerinden ter\u00f6r \u00f6rg\u00fct\u00fc propagandas\u0131 yapan ve ter\u00f6r su\u00e7lar\u0131ndan aranan \u015fah\u0131slara kar\u015f\u0131 al\u0131nan \u00f6nlemler yer ald\u0131.<\/p>\n<p>Toplant\u0131da, Mu\u011fla\u2019n\u0131n huzur ve g\u00fcvenli\u011finin sa\u011flanmas\u0131 i\u00e7in ilgili birimlerin koordinasyon i\u00e7inde \u00e7al\u0131\u015fmaya devam edece\u011fi vurguland\u0131. Su\u00e7 ve su\u00e7lularla m\u00fccadelede kararl\u0131l\u0131kla hareket edilece\u011fi belirtilirken, vatanda\u015flar\u0131n g\u00fcvenli\u011fi i\u00e7in denetim ve operasyonlar\u0131n s\u00fcrece\u011fi ifade edildi.<br \/><\/p>\n","protected":false},"excerpt":{"rendered":"<p>Mu\u011fla Valisi Dr. \u0130dris Akb\u0131y\u0131k ba\u015fkanl\u0131\u011f\u0131nda \u0130l G\u00fcvenlik ve Asayi\u015f Toplant\u0131s\u0131 d\u00fczenlenirken, toplant\u0131da, kent genelinde y\u00fcr\u00fct\u00fclen g\u00fcvenlik \u00e7al\u0131\u015fmalar\u0131 kapsaml\u0131 \u015fekilde ele al\u0131nd\u0131. Toplant\u0131da, organize su\u00e7 \u00f6rg\u00fctleriyle m\u00fccadele, ka\u00e7ak\u00e7\u0131l\u0131kla m\u00fccadele \u00e7al\u0131\u015fmalar\u0131, uyu\u015fturucu ve madde ba\u011f\u0131ml\u0131l\u0131\u011f\u0131yla m\u00fccadele, asayi\u015f olaylar\u0131n\u0131n \u00f6nlenmesi ve m\u00fcdahale s\u00fcre\u00e7leri, siber su\u00e7larla m\u00fccadele, d\u00fczensiz g\u00f6\u00e7 ve g\u00f6\u00e7men ka\u00e7ak\u00e7\u0131l\u0131\u011f\u0131na y\u00f6nelik tedbirler, aranan \u015fah\u0131slara y\u00f6nelik y\u00fcr\u00fct\u00fclen&#8230;<\/p>\n","protected":false},"author":1,"featured_media":15159,"comment_status":"open","ping_status":"open","sticky":false,"template":"","format":"standard","meta":{"_crdt_document":"","footnotes":""},"categories":[5],"tags":[],"class_list":["post-15158","post","type-post","status-publish","format-standard","has-post-thumbnail","hentry","category-asayis"],"_links":{"self":[{"href":"https:\/\/www.egemtv.com\/index.php?rest_route=\/wp\/v2\/posts\/15158","targetHints":{"allow":["GET"]}}],"collection":[{"href":"https:\/\/www.egemtv.com\/index.php?rest_route=\/wp\/v2\/posts"}],"about":[{"href":"https:\/\/www.egemtv.com\/index.php?rest_route=\/wp\/v2\/types\/post"}],"author":[{"embeddable":true,"href":"https:\/\/www.egemtv.com\/index.php?rest_route=\/wp\/v2\/users\/1"}],"replies":[{"embeddable":true,"href":"https:\/\/www.egemtv.com\/index.php?rest_route=%2Fwp%2Fv2%2Fcomments&post=15158"}],"version-history":[{"count":1,"href":"https:\/\/www.egemtv.com\/index.php?rest_route=\/wp\/v2\/posts\/15158\/revisions"}],"predecessor-version":[{"id":15160,"href":"https:\/\/www.egemtv.com\/index.php?rest_route=\/wp\/v2\/posts\/15158\/revisions\/15160"}],"wp:featuredmedia":[{"embeddable":true,"href":"https:\/\/www.egemtv.com\/index.php?rest_route=\/wp\/v2\/media\/15159"}],"wp:attachment":[{"href":"https:\/\/www.egemtv.com\/index.php?rest_route=%2Fwp%2Fv2%2Fmedia&parent=15158"}],"wp:term":[{"taxonomy":"category","embeddable":true,"href":"https:\/\/www.egemtv.com\/index.php?rest_route=%2Fwp%2Fv2%2Fcategories&post=15158"},{"taxonomy":"post_tag","embeddable":true,"href":"https:\/\/www.egemtv.com\/index.php?rest_route=%2Fwp%2Fv2%2Ftags&post=15158"}],"curies":[{"name":"wp","href":"https:\/\/api.w.org\/{rel}","templated":true}]}}