{"id":15155,"date":"2025-02-04T09:43:34","date_gmt":"2025-02-04T06:43:34","guid":{"rendered":"https:\/\/www.egemtv.com\/?p=15155"},"modified":"2025-02-04T09:43:38","modified_gmt":"2025-02-04T06:43:38","slug":"tavsanlida-92-kadin-isciye-dijital-bagimlilik-ve-siber-zorbalik-konularinda-egitim","status":"publish","type":"post","link":"https:\/\/www.egemtv.com\/?p=15155","title":{"rendered":"Tav\u015fanl\u0131\u2019da 92  kad\u0131n i\u015f\u00e7iye dijital ba\u011f\u0131ml\u0131l\u0131k ve siber zorbal\u0131k konular\u0131nda e\u011fitim"},"content":{"rendered":"<p>K\u00fctahya \u0130l Jandarma Komutanl\u0131\u011f\u0131 Aile \u0130\u00e7i \u015eiddetle M\u00fccadele \u00c7ocuk K\u0131s\u0131m Amirli\u011fi, KOM \u015eube M\u00fcd\u00fcrl\u00fc\u011f\u00fc, Siber Su\u00e7larla M\u00fccadele \u015eube M\u00fcd\u00fcrl\u00fc\u011f\u00fc ve Tav\u015fanl\u0131 \u0130l\u00e7e Jandarma Komutanl\u0131\u011f\u0131 taraf\u0131ndan, Tav\u015fanl\u0131 il\u00e7esinde 92 kad\u0131n i\u015f\u00e7iye dijital ba\u011f\u0131ml\u0131l\u0131k ve siber zorbal\u0131k konular\u0131nda e\u011fitimi verildi\u011fi bildirildi.<br \/>\n<br \/>Tav\u015fanl\u0131 Organize Sanayi B\u00f6lgesi Kablo Donan\u0131mlar\u0131 fabrikas\u0131nda \u00e7al\u0131\u015fan 92 kad\u0131n i\u015f\u00e7iye, dijital ba\u011f\u0131ml\u0131l\u0131k, siber zorbal\u0131k konular\u0131nda e\u011fitim verildi.&#8221; En \u0130yi Narkotik Polisi Anne&#8221; projesi ile ailenin korunmas\u0131 ve kad\u0131na kar\u015f\u0131 \u015fiddetin \u00f6nlenmesine dair kanun \u00e7er\u00e7evesinde bilgilendirme yap\u0131ld\u0131. Ayr\u0131ca Kad\u0131n Acil Destek Uygulamas\u0131 (KADES) y\u00fckletildi.<br \/><\/p>\n","protected":false},"excerpt":{"rendered":"<p>K\u00fctahya \u0130l Jandarma Komutanl\u0131\u011f\u0131 Aile \u0130\u00e7i \u015eiddetle M\u00fccadele \u00c7ocuk K\u0131s\u0131m Amirli\u011fi, KOM \u015eube M\u00fcd\u00fcrl\u00fc\u011f\u00fc, Siber Su\u00e7larla M\u00fccadele \u015eube M\u00fcd\u00fcrl\u00fc\u011f\u00fc ve Tav\u015fanl\u0131 \u0130l\u00e7e Jandarma Komutanl\u0131\u011f\u0131 taraf\u0131ndan, Tav\u015fanl\u0131 il\u00e7esinde 92 kad\u0131n i\u015f\u00e7iye dijital ba\u011f\u0131ml\u0131l\u0131k ve siber zorbal\u0131k konular\u0131nda e\u011fitimi verildi\u011fi bildirildi. Tav\u015fanl\u0131 Organize Sanayi B\u00f6lgesi Kablo Donan\u0131mlar\u0131 fabrikas\u0131nda \u00e7al\u0131\u015fan 92 kad\u0131n i\u015f\u00e7iye, dijital ba\u011f\u0131ml\u0131l\u0131k, siber zorbal\u0131k konular\u0131nda&#8230;<\/p>\n","protected":false},"author":1,"featured_media":15156,"comment_status":"open","ping_status":"open","sticky":false,"template":"","format":"standard","meta":{"_crdt_document":"","footnotes":""},"categories":[1],"tags":[],"class_list":["post-15155","post","type-post","status-publish","format-standard","has-post-thumbnail","hentry","category-guncel"],"_links":{"self":[{"href":"https:\/\/www.egemtv.com\/index.php?rest_route=\/wp\/v2\/posts\/15155","targetHints":{"allow":["GET"]}}],"collection":[{"href":"https:\/\/www.egemtv.com\/index.php?rest_route=\/wp\/v2\/posts"}],"about":[{"href":"https:\/\/www.egemtv.com\/index.php?rest_route=\/wp\/v2\/types\/post"}],"author":[{"embeddable":true,"href":"https:\/\/www.egemtv.com\/index.php?rest_route=\/wp\/v2\/users\/1"}],"replies":[{"embeddable":true,"href":"https:\/\/www.egemtv.com\/index.php?rest_route=%2Fwp%2Fv2%2Fcomments&post=15155"}],"version-history":[{"count":1,"href":"https:\/\/www.egemtv.com\/index.php?rest_route=\/wp\/v2\/posts\/15155\/revisions"}],"predecessor-version":[{"id":15157,"href":"https:\/\/www.egemtv.com\/index.php?rest_route=\/wp\/v2\/posts\/15155\/revisions\/15157"}],"wp:featuredmedia":[{"embeddable":true,"href":"https:\/\/www.egemtv.com\/index.php?rest_route=\/wp\/v2\/media\/15156"}],"wp:attachment":[{"href":"https:\/\/www.egemtv.com\/index.php?rest_route=%2Fwp%2Fv2%2Fmedia&parent=15155"}],"wp:term":[{"taxonomy":"category","embeddable":true,"href":"https:\/\/www.egemtv.com\/index.php?rest_route=%2Fwp%2Fv2%2Fcategories&post=15155"},{"taxonomy":"post_tag","embeddable":true,"href":"https:\/\/www.egemtv.com\/index.php?rest_route=%2Fwp%2Fv2%2Ftags&post=15155"}],"curies":[{"name":"wp","href":"https:\/\/api.w.org\/{rel}","templated":true}]}}