{"id":15146,"date":"2025-02-04T09:40:49","date_gmt":"2025-02-04T06:40:49","guid":{"rendered":"https:\/\/www.egemtv.com\/?p=15146"},"modified":"2025-02-04T09:40:54","modified_gmt":"2025-02-04T06:40:54","slug":"kutahyada-jasatin-yakaladigi-103-aranan-sahistan-43u-tutuklandi","status":"publish","type":"post","link":"https:\/\/www.egemtv.com\/?p=15146","title":{"rendered":"K\u00fctahya\u2019da JASAT\u2019\u0131n yakalad\u0131\u011f\u0131 103 aranan \u015fah\u0131stan 43\u2019\u00fc tutukland\u0131"},"content":{"rendered":"<p>K\u00fctahya\u2019da Jandarma Su\u00e7 Ara\u015ft\u0131rma Timlerince (JASAT) Ocak ay\u0131 i\u00e7erisinde \u00e7e\u015fitli su\u00e7lardan aranan 103 \u015fahs\u0131n yakaland\u0131\u011f\u0131, bu \u015fah\u0131slardan 43\u2019n\u00fcn tutukland\u0131\u011f\u0131 bildirildi.<br \/>\n<br \/>K\u00fctahya \u0130l Jandarma Komutanl\u0131\u011f\u0131 emrinde g\u00f6revli Jandarma Su\u00e7 Ara\u015ft\u0131rma Timi (JASAT) ve \u0130l\u00e7e Jandarma Komutanl\u0131klar\u0131 taraf\u0131ndan aranan \u015fah\u0131slar\u0131n yakalanmas\u0131na y\u00f6nelik yap\u0131lan istihbari ve saha \u00e7al\u0131\u015fmalar\u0131 neticesinde, 2025 y\u0131l\u0131 Ocak ay\u0131 i\u00e7erisinde \u00e7e\u015fitli su\u00e7lardan aranan 103 \u015fah\u0131s yakalan\u0131rken, bu \u015fah\u0131slardan 43\u2019\u00fc tutuklanarak Ceza \u0130nfaz Kurumuna teslim edildi. 48 \u015fah\u0131s ifadelerinin al\u0131nmas\u0131n\u0131n ard\u0131ndan, 12\u2019si ise para cezas\u0131n\u0131 \u00f6demesini m\u00fcteakip serbest b\u0131rak\u0131ld\u0131.<br \/><\/p>\n","protected":false},"excerpt":{"rendered":"<p>K\u00fctahya\u2019da Jandarma Su\u00e7 Ara\u015ft\u0131rma Timlerince (JASAT) Ocak ay\u0131 i\u00e7erisinde \u00e7e\u015fitli su\u00e7lardan aranan 103 \u015fahs\u0131n yakaland\u0131\u011f\u0131, bu \u015fah\u0131slardan 43\u2019n\u00fcn tutukland\u0131\u011f\u0131 bildirildi. K\u00fctahya \u0130l Jandarma Komutanl\u0131\u011f\u0131 emrinde g\u00f6revli Jandarma Su\u00e7 Ara\u015ft\u0131rma Timi (JASAT) ve \u0130l\u00e7e Jandarma Komutanl\u0131klar\u0131 taraf\u0131ndan aranan \u015fah\u0131slar\u0131n yakalanmas\u0131na y\u00f6nelik yap\u0131lan istihbari ve saha \u00e7al\u0131\u015fmalar\u0131 neticesinde, 2025 y\u0131l\u0131 Ocak ay\u0131 i\u00e7erisinde \u00e7e\u015fitli su\u00e7lardan aranan 103&#8230;<\/p>\n","protected":false},"author":1,"featured_media":15147,"comment_status":"open","ping_status":"open","sticky":false,"template":"","format":"standard","meta":{"_crdt_document":"","footnotes":""},"categories":[5],"tags":[],"class_list":["post-15146","post","type-post","status-publish","format-standard","has-post-thumbnail","hentry","category-asayis"],"_links":{"self":[{"href":"https:\/\/www.egemtv.com\/index.php?rest_route=\/wp\/v2\/posts\/15146","targetHints":{"allow":["GET"]}}],"collection":[{"href":"https:\/\/www.egemtv.com\/index.php?rest_route=\/wp\/v2\/posts"}],"about":[{"href":"https:\/\/www.egemtv.com\/index.php?rest_route=\/wp\/v2\/types\/post"}],"author":[{"embeddable":true,"href":"https:\/\/www.egemtv.com\/index.php?rest_route=\/wp\/v2\/users\/1"}],"replies":[{"embeddable":true,"href":"https:\/\/www.egemtv.com\/index.php?rest_route=%2Fwp%2Fv2%2Fcomments&post=15146"}],"version-history":[{"count":1,"href":"https:\/\/www.egemtv.com\/index.php?rest_route=\/wp\/v2\/posts\/15146\/revisions"}],"predecessor-version":[{"id":15148,"href":"https:\/\/www.egemtv.com\/index.php?rest_route=\/wp\/v2\/posts\/15146\/revisions\/15148"}],"wp:featuredmedia":[{"embeddable":true,"href":"https:\/\/www.egemtv.com\/index.php?rest_route=\/wp\/v2\/media\/15147"}],"wp:attachment":[{"href":"https:\/\/www.egemtv.com\/index.php?rest_route=%2Fwp%2Fv2%2Fmedia&parent=15146"}],"wp:term":[{"taxonomy":"category","embeddable":true,"href":"https:\/\/www.egemtv.com\/index.php?rest_route=%2Fwp%2Fv2%2Fcategories&post=15146"},{"taxonomy":"post_tag","embeddable":true,"href":"https:\/\/www.egemtv.com\/index.php?rest_route=%2Fwp%2Fv2%2Ftags&post=15146"}],"curies":[{"name":"wp","href":"https:\/\/api.w.org\/{rel}","templated":true}]}}