{"id":15140,"date":"2025-02-04T09:29:14","date_gmt":"2025-02-04T06:29:14","guid":{"rendered":"https:\/\/www.egemtv.com\/?p=15140"},"modified":"2025-02-04T09:29:19","modified_gmt":"2025-02-04T06:29:19","slug":"tavasin-evlatlari-dartta-zafere-ulasti","status":"publish","type":"post","link":"https:\/\/www.egemtv.com\/?p=15140","title":{"rendered":"Tavas\u2019\u0131n evlatlar\u0131 dartta zafere ula\u015ft\u0131"},"content":{"rendered":"<p>DEN\u0130ZL\u0130 (\u0130HA) \u2013 Denizli\u2019yi \u015eehit Eren B\u00fclb\u00fcl T\u00fcrkiye Dart \u015eampiyonas\u0131nda temsil eden Tavasl\u0131 alt\u0131 sporcu, kazand\u0131klar\u0131 7 madalyayla b\u00fcy\u00fck bir gurur ya\u015fatt\u0131.<\/p>\n<p>Denizli\u2019yi \u015eehit Eren B\u00fclb\u00fcl T\u00fcrkiye Dart \u015eampiyonas\u0131nda temsil eden Tavasl\u0131 alt\u0131 sporcu, elde ettikleri derecelerle b\u00fcy\u00fck bir ba\u015far\u0131ya imza att\u0131. Tavasl\u0131 sporculardan Elif Asya Erdem \u2013 Minik K\u0131zlar 1. ve 2. Tur T\u00fcrkiye \u015eampiyonu, Mehmet Efe Urlu \u2013 Minik Erkekler 1. Tur T\u00fcrkiye ikincisi, Hasan Sar\u0131koyuncu \u2013 Minik Erkekler 1. Tur T\u00fcrkiye \u00fc\u00e7\u00fcnc\u00fcs\u00fc,  Yusuf Bosun \u2013 Y\u0131ld\u0131z Erkekler 1. Tur T\u00fcrkiye \u00fc\u00e7\u00fcnc\u00fcs\u00fc, Asl\u0131han Onuk \u2013 Gen\u00e7 K\u0131zlar 1. Tur T\u00fcrkiye \u00fc\u00e7\u00fcnc\u00fcs\u00fc ve Osman Sar\u0131koyuncu ise B\u00fcy\u00fck Erkekler 2. Tur T\u00fcrkiye \u00fc\u00e7\u00fcnc\u00fcs\u00fc oldu.<\/p>\n<p>Tavas\u2019a b\u00fcy\u00fck bir gurur ya\u015fatan sporcular\u0131 tebrik eden Tavas Belediye Ba\u015fkan\u0131 Kadir Tat\u0131k, &#8220;30 Ocak &#8211; 2 \u015eubat 2025 tarihlerinde Ankara Yenimahalle Spor Kompleksi\u2019nde d\u00fczenlenen \u015eehit Eren B\u00fclb\u00fcl T\u00fcrkiye Dart \u015eampiyonas\u0131 S\u0131ralama Turlar\u0131 2. Ayak Turnuvalar\u0131nda sporcular\u0131m\u0131z 7 madalya kazanarak bizleri gururland\u0131rd\u0131. Sporcular\u0131m\u0131z\u0131, onlar\u0131 yeti\u015ftiren antren\u00f6rlerimizi ve en b\u00fcy\u00fck destek\u00e7ileri olan ailelerini y\u00fcrekten kutluyorum. Bu ba\u015far\u0131, azmin, \u00e7al\u0131\u015fman\u0131n ve inanman\u0131n sonucudur. Tavas\u2019\u0131n evlatlar\u0131 daha b\u00fcy\u00fck ba\u015far\u0131lara imza atacak, biz onlara inan\u0131yoruz. Sporun ve gen\u00e7lerimizin yan\u0131nda olmaya devam edece\u011fiz. Sevgili gen\u00e7ler, ba\u015far\u0131lar\u0131n\u0131z daim olsun&#8221; dedi.<br \/><\/p>\n","protected":false},"excerpt":{"rendered":"<p>DEN\u0130ZL\u0130 (\u0130HA) \u2013 Denizli\u2019yi \u015eehit Eren B\u00fclb\u00fcl T\u00fcrkiye Dart \u015eampiyonas\u0131nda temsil eden Tavasl\u0131 alt\u0131 sporcu, kazand\u0131klar\u0131 7 madalyayla b\u00fcy\u00fck bir gurur ya\u015fatt\u0131. Denizli\u2019yi \u015eehit Eren B\u00fclb\u00fcl T\u00fcrkiye Dart \u015eampiyonas\u0131nda temsil eden Tavasl\u0131 alt\u0131 sporcu, elde ettikleri derecelerle b\u00fcy\u00fck bir ba\u015far\u0131ya imza att\u0131. Tavasl\u0131 sporculardan Elif Asya Erdem \u2013 Minik K\u0131zlar 1. ve 2. Tur T\u00fcrkiye&#8230;<\/p>\n","protected":false},"author":1,"featured_media":15141,"comment_status":"open","ping_status":"open","sticky":false,"template":"","format":"standard","meta":{"_crdt_document":"","footnotes":""},"categories":[4],"tags":[],"class_list":["post-15140","post","type-post","status-publish","format-standard","has-post-thumbnail","hentry","category-spor"],"_links":{"self":[{"href":"https:\/\/www.egemtv.com\/index.php?rest_route=\/wp\/v2\/posts\/15140","targetHints":{"allow":["GET"]}}],"collection":[{"href":"https:\/\/www.egemtv.com\/index.php?rest_route=\/wp\/v2\/posts"}],"about":[{"href":"https:\/\/www.egemtv.com\/index.php?rest_route=\/wp\/v2\/types\/post"}],"author":[{"embeddable":true,"href":"https:\/\/www.egemtv.com\/index.php?rest_route=\/wp\/v2\/users\/1"}],"replies":[{"embeddable":true,"href":"https:\/\/www.egemtv.com\/index.php?rest_route=%2Fwp%2Fv2%2Fcomments&post=15140"}],"version-history":[{"count":1,"href":"https:\/\/www.egemtv.com\/index.php?rest_route=\/wp\/v2\/posts\/15140\/revisions"}],"predecessor-version":[{"id":15142,"href":"https:\/\/www.egemtv.com\/index.php?rest_route=\/wp\/v2\/posts\/15140\/revisions\/15142"}],"wp:featuredmedia":[{"embeddable":true,"href":"https:\/\/www.egemtv.com\/index.php?rest_route=\/wp\/v2\/media\/15141"}],"wp:attachment":[{"href":"https:\/\/www.egemtv.com\/index.php?rest_route=%2Fwp%2Fv2%2Fmedia&parent=15140"}],"wp:term":[{"taxonomy":"category","embeddable":true,"href":"https:\/\/www.egemtv.com\/index.php?rest_route=%2Fwp%2Fv2%2Fcategories&post=15140"},{"taxonomy":"post_tag","embeddable":true,"href":"https:\/\/www.egemtv.com\/index.php?rest_route=%2Fwp%2Fv2%2Ftags&post=15140"}],"curies":[{"name":"wp","href":"https:\/\/api.w.org\/{rel}","templated":true}]}}