{"id":15137,"date":"2025-02-04T09:24:15","date_gmt":"2025-02-04T06:24:15","guid":{"rendered":"https:\/\/www.egemtv.com\/?p=15137"},"modified":"2025-02-04T09:24:20","modified_gmt":"2025-02-04T06:24:20","slug":"koycegizde-ogretmenlere-egitim-devam-ediyor","status":"publish","type":"post","link":"https:\/\/www.egemtv.com\/?p=15137","title":{"rendered":"K\u00f6yce\u011fiz\u2019de \u00f6\u011fretmenlere e\u011fitim devam ediyor"},"content":{"rendered":"<p>Mu\u011fla\u2019n\u0131n K\u00f6yce\u011fiz il\u00e7esinde Harezmi E\u011fitim Modeli \u00f6\u011fretmen e\u011fitimleri, 4 il\u00e7eden gelen \u00f6\u011fretmenlerin kat\u0131l\u0131m\u0131yla Y\u00fcksekkum Mesleki ve Teknik Anadolu Lisesi\u2019nde ba\u015flad\u0131.<\/p>\n<p>K\u00f6yce\u011fiz \u0130l\u00e7e Milli E\u011fitim M\u00fcd\u00fcr\u00fc Kerem Karahan, e\u011fitim merkezini ziyaret etti. K\u00f6yce\u011fiz \u0130l\u00e7e Milli E\u011fitim M\u00fcd\u00fcr\u00fc Karahan, ziyarette yapt\u0131\u011f\u0131 konu\u015fmada, &#8220;T\u00fcrkiye Y\u00fczy\u0131l\u0131 Maarif Modeli, \u00f6\u011frenciyi merkeze alan b\u00fct\u00fcnc\u00fcl yakla\u015f\u0131m gibi Harezmi E\u011fitim Modelinde de disiplinler aras\u0131 e\u011fitimi \u00f6n plana \u00e7\u0131kar\u0131p, \u00f6\u011frenciyi merkeze alarak milli ve manevi de\u011ferler \u0131\u015f\u0131\u011f\u0131nda, \u00f6\u011frencilerimizi kar\u015f\u0131la\u015faca\u011f\u0131 g\u00fc\u00e7l\u00fck ve sorunlara kar\u015f\u0131, kendi \u00e7\u00f6z\u00fcm\u00fcn\u00fc \u00fcretmeyi ba\u015faran bireyler olarak yeti\u015ftirmek ve hayata haz\u0131rlamak&#8221; oldu\u011funu belirtti. Karahan, Mill\u00ee E\u011fitim Bakanl\u0131\u011f\u0131 ad\u0131na \u0130stanbul \u0130l Milli E\u011fitim M\u00fcd\u00fcrl\u00fc\u011f\u00fc\u2019nden g\u00f6revlendirilen G\u00fclg\u00fcn G\u00fcven\u00e7\u2019e katk\u0131lar\u0131ndan dolay\u0131 te\u015fekk\u00fcr etti, e\u011fitime kat\u0131lan \u00f6\u011fretmenlere de \u00e7al\u0131\u015fmalar\u0131nda ba\u015far\u0131lar diledi.<br \/><\/p>\n","protected":false},"excerpt":{"rendered":"<p>Mu\u011fla\u2019n\u0131n K\u00f6yce\u011fiz il\u00e7esinde Harezmi E\u011fitim Modeli \u00f6\u011fretmen e\u011fitimleri, 4 il\u00e7eden gelen \u00f6\u011fretmenlerin kat\u0131l\u0131m\u0131yla Y\u00fcksekkum Mesleki ve Teknik Anadolu Lisesi\u2019nde ba\u015flad\u0131. K\u00f6yce\u011fiz \u0130l\u00e7e Milli E\u011fitim M\u00fcd\u00fcr\u00fc Kerem Karahan, e\u011fitim merkezini ziyaret etti. K\u00f6yce\u011fiz \u0130l\u00e7e Milli E\u011fitim M\u00fcd\u00fcr\u00fc Karahan, ziyarette yapt\u0131\u011f\u0131 konu\u015fmada, &#8220;T\u00fcrkiye Y\u00fczy\u0131l\u0131 Maarif Modeli, \u00f6\u011frenciyi merkeze alan b\u00fct\u00fcnc\u00fcl yakla\u015f\u0131m gibi Harezmi E\u011fitim Modelinde de disiplinler&#8230;<\/p>\n","protected":false},"author":1,"featured_media":15138,"comment_status":"open","ping_status":"open","sticky":false,"template":"","format":"standard","meta":{"_crdt_document":"","footnotes":""},"categories":[1],"tags":[],"class_list":["post-15137","post","type-post","status-publish","format-standard","has-post-thumbnail","hentry","category-guncel"],"_links":{"self":[{"href":"https:\/\/www.egemtv.com\/index.php?rest_route=\/wp\/v2\/posts\/15137","targetHints":{"allow":["GET"]}}],"collection":[{"href":"https:\/\/www.egemtv.com\/index.php?rest_route=\/wp\/v2\/posts"}],"about":[{"href":"https:\/\/www.egemtv.com\/index.php?rest_route=\/wp\/v2\/types\/post"}],"author":[{"embeddable":true,"href":"https:\/\/www.egemtv.com\/index.php?rest_route=\/wp\/v2\/users\/1"}],"replies":[{"embeddable":true,"href":"https:\/\/www.egemtv.com\/index.php?rest_route=%2Fwp%2Fv2%2Fcomments&post=15137"}],"version-history":[{"count":1,"href":"https:\/\/www.egemtv.com\/index.php?rest_route=\/wp\/v2\/posts\/15137\/revisions"}],"predecessor-version":[{"id":15139,"href":"https:\/\/www.egemtv.com\/index.php?rest_route=\/wp\/v2\/posts\/15137\/revisions\/15139"}],"wp:featuredmedia":[{"embeddable":true,"href":"https:\/\/www.egemtv.com\/index.php?rest_route=\/wp\/v2\/media\/15138"}],"wp:attachment":[{"href":"https:\/\/www.egemtv.com\/index.php?rest_route=%2Fwp%2Fv2%2Fmedia&parent=15137"}],"wp:term":[{"taxonomy":"category","embeddable":true,"href":"https:\/\/www.egemtv.com\/index.php?rest_route=%2Fwp%2Fv2%2Fcategories&post=15137"},{"taxonomy":"post_tag","embeddable":true,"href":"https:\/\/www.egemtv.com\/index.php?rest_route=%2Fwp%2Fv2%2Ftags&post=15137"}],"curies":[{"name":"wp","href":"https:\/\/api.w.org\/{rel}","templated":true}]}}