{"id":15134,"date":"2025-02-04T09:24:10","date_gmt":"2025-02-04T06:24:10","guid":{"rendered":"https:\/\/www.egemtv.com\/?p=15134"},"modified":"2025-02-04T09:24:15","modified_gmt":"2025-02-04T06:24:15","slug":"muglada-gubre-denetimleri-basladi","status":"publish","type":"post","link":"https:\/\/www.egemtv.com\/?p=15134","title":{"rendered":"Mu\u011fla\u2019da g\u00fcbre denetimleri ba\u015flad\u0131"},"content":{"rendered":"<p>Tar\u0131m ve Orman Bakanl\u0131\u011f\u0131, tar\u0131mda kullan\u0131lan g\u00fcbrelerin kalitesini ve g\u00fcvenli\u011fini sa\u011flamak amac\u0131yla, g\u00fcbre kullan\u0131m sezonu \u00f6ncesinde \u00fclke genelinde e\u015f zamanl\u0131 denetimlere ba\u015flad\u0131. Bu kapsamda Mu\u011fla\u2019da da denetimler h\u0131z kazand\u0131.<\/p>\n<p>Denetimlerin temel amac\u0131, \u00e7ift\u00e7ilerin taklit ve ta\u011f\u015fi\u015f (hileli kar\u0131\u015f\u0131m) g\u00fcbrelerden korunmas\u0131n\u0131 sa\u011flamak ve g\u00fcvenilir g\u00fcbreye eri\u015fimini temin etmek oldu\u011fu belirtildi. Yetkililer, g\u00fcbrelerin standartlara uygun olup olmad\u0131\u011f\u0131n\u0131 kontrol ederek, tar\u0131msal \u00fcretimin kalitesini ve verimlili\u011fini art\u0131rmay\u0131 hedefliyor. Tar\u0131mda do\u011fru g\u00fcbre kullan\u0131m\u0131n\u0131n, sa\u011fl\u0131kl\u0131 ve verimli \u00fcretimin teminat\u0131 oldu\u011funu vurgulayan yetkililer, denetimlerin d\u00fczenli olarak s\u00fcrece\u011fini belirtti. Mu\u011fla\u2019daki \u00e7ift\u00e7ilerin g\u00fcvenilir tar\u0131m girdilerine eri\u015fimi i\u00e7in yap\u0131lan denetimler kapsam\u0131nda, piyasa g\u00f6zetimi ve laboratuvar analizleri de titizlikle y\u00fcr\u00fct\u00fclecek.<br \/>\n<br \/>Mu\u011fla\u2019da tar\u0131msal \u00fcretimle u\u011fra\u015fan \u00e7ift\u00e7ilerin, g\u00fcbre al\u0131rken dikkatli olmalar\u0131 ve yetkili mercilerin denetimlerinden ge\u00e7mi\u015f \u00fcr\u00fcnleri tercih etmeleri gerekti\u011fi hat\u0131rlat\u0131ld\u0131.<br \/><\/p>\n","protected":false},"excerpt":{"rendered":"<p>Tar\u0131m ve Orman Bakanl\u0131\u011f\u0131, tar\u0131mda kullan\u0131lan g\u00fcbrelerin kalitesini ve g\u00fcvenli\u011fini sa\u011flamak amac\u0131yla, g\u00fcbre kullan\u0131m sezonu \u00f6ncesinde \u00fclke genelinde e\u015f zamanl\u0131 denetimlere ba\u015flad\u0131. Bu kapsamda Mu\u011fla\u2019da da denetimler h\u0131z kazand\u0131. Denetimlerin temel amac\u0131, \u00e7ift\u00e7ilerin taklit ve ta\u011f\u015fi\u015f (hileli kar\u0131\u015f\u0131m) g\u00fcbrelerden korunmas\u0131n\u0131 sa\u011flamak ve g\u00fcvenilir g\u00fcbreye eri\u015fimini temin etmek oldu\u011fu belirtildi. Yetkililer, g\u00fcbrelerin standartlara uygun olup olmad\u0131\u011f\u0131n\u0131&#8230;<\/p>\n","protected":false},"author":1,"featured_media":15135,"comment_status":"open","ping_status":"open","sticky":false,"template":"","format":"standard","meta":{"_crdt_document":"","footnotes":""},"categories":[1],"tags":[],"class_list":["post-15134","post","type-post","status-publish","format-standard","has-post-thumbnail","hentry","category-guncel"],"_links":{"self":[{"href":"https:\/\/www.egemtv.com\/index.php?rest_route=\/wp\/v2\/posts\/15134","targetHints":{"allow":["GET"]}}],"collection":[{"href":"https:\/\/www.egemtv.com\/index.php?rest_route=\/wp\/v2\/posts"}],"about":[{"href":"https:\/\/www.egemtv.com\/index.php?rest_route=\/wp\/v2\/types\/post"}],"author":[{"embeddable":true,"href":"https:\/\/www.egemtv.com\/index.php?rest_route=\/wp\/v2\/users\/1"}],"replies":[{"embeddable":true,"href":"https:\/\/www.egemtv.com\/index.php?rest_route=%2Fwp%2Fv2%2Fcomments&post=15134"}],"version-history":[{"count":1,"href":"https:\/\/www.egemtv.com\/index.php?rest_route=\/wp\/v2\/posts\/15134\/revisions"}],"predecessor-version":[{"id":15136,"href":"https:\/\/www.egemtv.com\/index.php?rest_route=\/wp\/v2\/posts\/15134\/revisions\/15136"}],"wp:featuredmedia":[{"embeddable":true,"href":"https:\/\/www.egemtv.com\/index.php?rest_route=\/wp\/v2\/media\/15135"}],"wp:attachment":[{"href":"https:\/\/www.egemtv.com\/index.php?rest_route=%2Fwp%2Fv2%2Fmedia&parent=15134"}],"wp:term":[{"taxonomy":"category","embeddable":true,"href":"https:\/\/www.egemtv.com\/index.php?rest_route=%2Fwp%2Fv2%2Fcategories&post=15134"},{"taxonomy":"post_tag","embeddable":true,"href":"https:\/\/www.egemtv.com\/index.php?rest_route=%2Fwp%2Fv2%2Ftags&post=15134"}],"curies":[{"name":"wp","href":"https:\/\/api.w.org\/{rel}","templated":true}]}}