{"id":15131,"date":"2025-02-04T09:15:51","date_gmt":"2025-02-04T06:15:51","guid":{"rendered":"https:\/\/www.egemtv.com\/?p=15131"},"modified":"2025-02-04T09:15:57","modified_gmt":"2025-02-04T06:15:57","slug":"aricilara-ekipman-destegi-basvuru-suresi-uzatildi","status":"publish","type":"post","link":"https:\/\/www.egemtv.com\/?p=15131","title":{"rendered":"Ar\u0131c\u0131lara ekipman deste\u011fi ba\u015fvuru s\u00fcresi uzat\u0131ld\u0131"},"content":{"rendered":"<p>Denizli B\u00fcy\u00fck\u015fehir Belediyesi, ar\u0131c\u0131l\u0131k faaliyetlerini desteklemek ve yerel \u00fcretimi te\u015fvik etmek amac\u0131yla, ar\u0131 yeti\u015ftiricilerine y\u00f6nelik ba\u015flatt\u0131\u011f\u0131 ekipman deste\u011fi m\u00fcracaat s\u00fcresi yo\u011fun ba\u015fvurular nedeniyle 10 \u015eubat 2025\u2019e kadar uzat\u0131ld\u0131.<\/p>\n<p>Proje kapsam\u0131nda, yeti\u015ftiricilere maske, k\u00f6r\u00fck, eldiven, s\u0131r tara\u011f\u0131 ve oksalik asitten olu\u015fan ekipman setleri \u00fccretsiz olarak da\u011f\u0131t\u0131lacak. B\u00fcy\u00fck\u015fehir Belediyesi ge\u00e7en ay Denizli B\u00fcy\u00fck\u015fehir Belediye Ba\u015fkan\u0131 B\u00fclent Nuri \u00c7avu\u015fo\u011flu\u2019nun ar\u0131 yeti\u015ftiricilerine y\u00f6nelik haz\u0131rlad\u0131\u011f\u0131 k\u0131rsal kalk\u0131nma projeleri kapsam\u0131nda, \u00f6zel bir ekipman deste\u011fi ba\u015flatm\u0131\u015ft\u0131. www.denizli.bel.tr ve DESK\u0130 il\u00e7e hizmet birimlerinden online yap\u0131lan m\u00fcracaatlarda ya\u015fanan yo\u011funluk nedeniyle ba\u015fvurular\u0131n 10 \u015eubat 2025\u2019e kadar uzat\u0131ld\u0131\u011f\u0131 duyuruldu.<br \/><\/p>\n","protected":false},"excerpt":{"rendered":"<p>Denizli B\u00fcy\u00fck\u015fehir Belediyesi, ar\u0131c\u0131l\u0131k faaliyetlerini desteklemek ve yerel \u00fcretimi te\u015fvik etmek amac\u0131yla, ar\u0131 yeti\u015ftiricilerine y\u00f6nelik ba\u015flatt\u0131\u011f\u0131 ekipman deste\u011fi m\u00fcracaat s\u00fcresi yo\u011fun ba\u015fvurular nedeniyle 10 \u015eubat 2025\u2019e kadar uzat\u0131ld\u0131. Proje kapsam\u0131nda, yeti\u015ftiricilere maske, k\u00f6r\u00fck, eldiven, s\u0131r tara\u011f\u0131 ve oksalik asitten olu\u015fan ekipman setleri \u00fccretsiz olarak da\u011f\u0131t\u0131lacak. B\u00fcy\u00fck\u015fehir Belediyesi ge\u00e7en ay Denizli B\u00fcy\u00fck\u015fehir Belediye Ba\u015fkan\u0131 B\u00fclent Nuri&#8230;<\/p>\n","protected":false},"author":1,"featured_media":15132,"comment_status":"open","ping_status":"open","sticky":false,"template":"","format":"standard","meta":{"_crdt_document":"","footnotes":""},"categories":[125],"tags":[],"class_list":["post-15131","post","type-post","status-publish","format-standard","has-post-thumbnail","hentry","category-ekonomi"],"_links":{"self":[{"href":"https:\/\/www.egemtv.com\/index.php?rest_route=\/wp\/v2\/posts\/15131","targetHints":{"allow":["GET"]}}],"collection":[{"href":"https:\/\/www.egemtv.com\/index.php?rest_route=\/wp\/v2\/posts"}],"about":[{"href":"https:\/\/www.egemtv.com\/index.php?rest_route=\/wp\/v2\/types\/post"}],"author":[{"embeddable":true,"href":"https:\/\/www.egemtv.com\/index.php?rest_route=\/wp\/v2\/users\/1"}],"replies":[{"embeddable":true,"href":"https:\/\/www.egemtv.com\/index.php?rest_route=%2Fwp%2Fv2%2Fcomments&post=15131"}],"version-history":[{"count":1,"href":"https:\/\/www.egemtv.com\/index.php?rest_route=\/wp\/v2\/posts\/15131\/revisions"}],"predecessor-version":[{"id":15133,"href":"https:\/\/www.egemtv.com\/index.php?rest_route=\/wp\/v2\/posts\/15131\/revisions\/15133"}],"wp:featuredmedia":[{"embeddable":true,"href":"https:\/\/www.egemtv.com\/index.php?rest_route=\/wp\/v2\/media\/15132"}],"wp:attachment":[{"href":"https:\/\/www.egemtv.com\/index.php?rest_route=%2Fwp%2Fv2%2Fmedia&parent=15131"}],"wp:term":[{"taxonomy":"category","embeddable":true,"href":"https:\/\/www.egemtv.com\/index.php?rest_route=%2Fwp%2Fv2%2Fcategories&post=15131"},{"taxonomy":"post_tag","embeddable":true,"href":"https:\/\/www.egemtv.com\/index.php?rest_route=%2Fwp%2Fv2%2Ftags&post=15131"}],"curies":[{"name":"wp","href":"https:\/\/api.w.org\/{rel}","templated":true}]}}