{"id":15128,"date":"2025-02-04T09:13:08","date_gmt":"2025-02-04T06:13:08","guid":{"rendered":"https:\/\/www.egemtv.com\/?p=15128"},"modified":"2025-02-04T09:13:10","modified_gmt":"2025-02-04T06:13:10","slug":"tavas-belediyesinden-ureticileri-izmir-tarim-fuarina-goturuyor","status":"publish","type":"post","link":"https:\/\/www.egemtv.com\/?p=15128","title":{"rendered":"Tavas Belediyesinden \u00fcreticileri \u0130zmir tar\u0131m fuar\u0131na g\u00f6t\u00fcr\u00fcyor"},"content":{"rendered":"<p>Tavas Belediyesi, \u0130zmir\u2019de d\u00fczenlenecek Agroexpo 20. Uluslararas\u0131 Tar\u0131m ve Hayvanc\u0131l\u0131k Fuar\u0131na \u00fccretsiz otob\u00fcs seferleri d\u00fczenleyecek.<br \/>\n<br \/>Tavas Belediye Ba\u015fkan\u0131 Kadir Tat\u0131k, yapt\u0131\u011f\u0131 a\u00e7\u0131klamada; &#8220;Tavas Belediyesi olarak 04-08 \u015eubat 2025 tarihleri aras\u0131nda \u0130zmir\u2019de d\u00fczenlenecek Agroexpo 20. Uluslararas\u0131 Tar\u0131m ve Hayvanc\u0131l\u0131k Fuar\u0131na \u00fccretsiz otob\u00fcs seferleri d\u00fczenliyoruz. Fuara kat\u0131l\u0131mak isteyen vatanda\u015flar\u0131m\u0131z, 0 535 106 77 49 numaral\u0131 WhatsApp hatt\u0131m\u0131zdan veya Tavas Belediyesi Tar\u0131msal Hizmetler M\u00fcd\u00fcrl\u00fc\u011f\u00fcnden kay\u0131tlar\u0131n\u0131 yapt\u0131rabilirler. \u00dcreticilerimizi fuara g\u00f6t\u00fcrecek olan ara\u00e7lar, 07 \u015eubat 2025 Cuma saat 07.00\u2019de Tavas Belediye Meydan\u0131ndan hareket edecektir&#8221; dedi.<br \/><\/p>\n","protected":false},"excerpt":{"rendered":"<p>Tavas Belediyesi, \u0130zmir\u2019de d\u00fczenlenecek Agroexpo 20. Uluslararas\u0131 Tar\u0131m ve Hayvanc\u0131l\u0131k Fuar\u0131na \u00fccretsiz otob\u00fcs seferleri d\u00fczenleyecek. Tavas Belediye Ba\u015fkan\u0131 Kadir Tat\u0131k, yapt\u0131\u011f\u0131 a\u00e7\u0131klamada; &#8220;Tavas Belediyesi olarak 04-08 \u015eubat 2025 tarihleri aras\u0131nda \u0130zmir\u2019de d\u00fczenlenecek Agroexpo 20. Uluslararas\u0131 Tar\u0131m ve Hayvanc\u0131l\u0131k Fuar\u0131na \u00fccretsiz otob\u00fcs seferleri d\u00fczenliyoruz. Fuara kat\u0131l\u0131mak isteyen vatanda\u015flar\u0131m\u0131z, 0 535 106 77 49 numaral\u0131 WhatsApp hatt\u0131m\u0131zdan&#8230;<\/p>\n","protected":false},"author":1,"featured_media":15129,"comment_status":"open","ping_status":"open","sticky":false,"template":"","format":"standard","meta":{"_crdt_document":"","footnotes":""},"categories":[125],"tags":[],"class_list":["post-15128","post","type-post","status-publish","format-standard","has-post-thumbnail","hentry","category-ekonomi"],"_links":{"self":[{"href":"https:\/\/www.egemtv.com\/index.php?rest_route=\/wp\/v2\/posts\/15128","targetHints":{"allow":["GET"]}}],"collection":[{"href":"https:\/\/www.egemtv.com\/index.php?rest_route=\/wp\/v2\/posts"}],"about":[{"href":"https:\/\/www.egemtv.com\/index.php?rest_route=\/wp\/v2\/types\/post"}],"author":[{"embeddable":true,"href":"https:\/\/www.egemtv.com\/index.php?rest_route=\/wp\/v2\/users\/1"}],"replies":[{"embeddable":true,"href":"https:\/\/www.egemtv.com\/index.php?rest_route=%2Fwp%2Fv2%2Fcomments&post=15128"}],"version-history":[{"count":1,"href":"https:\/\/www.egemtv.com\/index.php?rest_route=\/wp\/v2\/posts\/15128\/revisions"}],"predecessor-version":[{"id":15130,"href":"https:\/\/www.egemtv.com\/index.php?rest_route=\/wp\/v2\/posts\/15128\/revisions\/15130"}],"wp:featuredmedia":[{"embeddable":true,"href":"https:\/\/www.egemtv.com\/index.php?rest_route=\/wp\/v2\/media\/15129"}],"wp:attachment":[{"href":"https:\/\/www.egemtv.com\/index.php?rest_route=%2Fwp%2Fv2%2Fmedia&parent=15128"}],"wp:term":[{"taxonomy":"category","embeddable":true,"href":"https:\/\/www.egemtv.com\/index.php?rest_route=%2Fwp%2Fv2%2Fcategories&post=15128"},{"taxonomy":"post_tag","embeddable":true,"href":"https:\/\/www.egemtv.com\/index.php?rest_route=%2Fwp%2Fv2%2Ftags&post=15128"}],"curies":[{"name":"wp","href":"https:\/\/api.w.org\/{rel}","templated":true}]}}