{"id":15125,"date":"2025-02-04T09:10:05","date_gmt":"2025-02-04T06:10:05","guid":{"rendered":"https:\/\/www.egemtv.com\/?p=15125"},"modified":"2025-02-04T09:10:10","modified_gmt":"2025-02-04T06:10:10","slug":"denetimli-serbestlik-yukumlulerinden-egitime-katki","status":"publish","type":"post","link":"https:\/\/www.egemtv.com\/?p=15125","title":{"rendered":"Denetimli Serbestlik y\u00fck\u00fcml\u00fclerinden e\u011fitime katk\u0131"},"content":{"rendered":"<p>Manisa\u2019n\u0131n Ala\u015fehir il\u00e7esinde Cumhuriyet Ba\u015fsavc\u0131l\u0131\u011f\u0131, Ala\u015fehir Belediyesi ve \u0130l\u00e7e Milli E\u011fitim M\u00fcd\u00fcrl\u00fc\u011f\u00fc i\u015fbirli\u011fi ile Delemenler Mahallesi G\u00fczle \u0130lkokuluna denetimli serbestlik y\u00fck\u00fcml\u00fcleri taraf\u0131ndan bak\u0131m ve onar\u0131m yap\u0131ld\u0131.<br \/>\n<br \/>Yar\u0131y\u0131l tatilinde Ala\u015fehir Belediyesinin malzeme deste\u011fi, Denetimli Serbestlik Y\u00fck\u00fcml\u00fclerinden i\u015f\u00e7ilik deste\u011fi ile G\u00fczle \u0130lkokulu bak\u0131m ve onar\u0131mdan ge\u00e7irilerek, e\u011fitime haz\u0131rland\u0131.<br \/>\n<br \/>Ala\u015fehir Cumhuriyet Ba\u015fsavc\u0131l\u0131\u011f\u0131 Denetimli Serbestlik M\u00fcd\u00fcrl\u00fc\u011f\u00fcnde kamu hizmetinde \u00e7al\u0131\u015fan y\u00fck\u00fcml\u00fclerin i\u015fg\u00fcc\u00fcnden yararlanmak suretiyle ara tatil d\u00f6neminde Delemenler Mahallesi  G\u00fczle \u0130lkokulunda bak\u0131m onar\u0131m faaliyetleri yap\u0131ld\u0131. Bak\u0131m onar\u0131m \u00e7al\u0131\u015fmalar\u0131nda okulun i\u00e7 ve d\u0131\u015f cephe badanas\u0131, \u00e7evre duvar onar\u0131m ve badanalar\u0131 yap\u0131l\u0131rken, okul s\u0131ralar\u0131 onar\u0131ld\u0131, z\u0131mparalan\u0131p, verniklendi. Okul bah\u00e7esine parke ta\u015f d\u00f6\u015fendi. Okulun bak\u0131m ve onar\u0131m\u0131 tamamland\u0131ktan sonra Ala\u015fehir Cumhuriyet Ba\u015fsavc\u0131s\u0131 Ayd\u0131n  Tuncay,  Ala\u015fehir Belediye Ba\u015fkan Yard\u0131mc\u0131lar\u0131 Muammer \u0130bi\u015fo\u011flu, Erol Kacar, \u0130l\u00e7e Milli E\u011fitim  M\u00fcd\u00fcr\u00fc Fikri \u00c7etinkaya, Ala\u015fehir Denetimli Serbestlik M\u00fcd\u00fcr\u00fc  Mehmet  Karako\u00e7 , Delemenler Mahallesi Muhtar\u0131 Yasin Ert\u00fcrk, okul \u00f6\u011fretmeni Gizem Y\u00f6r\u00fck, \u0130l\u00e7e Milli E\u011fitim \u015eube M\u00fcd\u00fcrleri ve Denetimli Serbestlik Personelleri ve \u00f6\u011frencilerin kat\u0131l\u0131m\u0131yla a\u00e7\u0131l\u0131\u015f t\u00f6reni yap\u0131ld\u0131.<br \/>\n<br \/>Okulu ziyaret eden Ala\u015fehir Cumhuriyet Ba\u015fsavc\u0131s\u0131 Ayd\u0131n Tuncay, E\u011fitimin \u00f6nemine vurgu yaparak, &#8220;E\u011fitim kurumlar\u0131n\u0131n fiziki \u015fartlar\u0131n\u0131n iyile\u015ftirilmesinde b\u00fcy\u00fck fayda var. Yap\u0131lan \u00e7al\u0131\u015fmalardan dolay\u0131 \u00e7ok mutlu olduk. \u00d6zellikle k\u00f6y okullar\u0131n\u0131n bak\u0131m ve onar\u0131m\u0131 \u00e7al\u0131\u015fmalar\u0131n\u0131 desteklemeye devam edece\u011fiz. G\u00fczle \u0130lkokulunun  bak\u0131m ve  onar\u0131m \u00e7al\u0131\u015fmalar\u0131nda eme\u011fi ge\u00e7en kurum, kurulu\u015f ve Denetimli Serbestlik y\u00fck\u00fcml\u00fclerine te\u015fekk\u00fcr ederiz. Bizlerde ayn\u0131 s\u0131ralardan ge\u00e7tik. E\u011fitime katk\u0131 sa\u011flayan bu g\u00fczel \u00e7al\u0131\u015fmalar\u0131 yapanlar\u0131 kutluyorum.&#8221; diyerek \u00f6\u011frencilere birer adet kalem a\u00e7aca\u011f\u0131 hediye etti.<br \/>\n<br \/>Ala\u015fehir \u0130l\u00e7e Milli E\u011fitim M\u00fcd\u00fcr\u00fc Fikri \u00c7etinkaya, &#8220;\u00d6zellikle mahallerde bulunan okullara sahip \u00e7\u0131k\u0131lmas\u0131 e\u011fitimde kaliteyi art\u0131rmaktad\u0131r. Okullara sahip \u00e7\u0131k\u0131lmas\u0131 \u00e7ocuklar\u0131n ve \u00f6\u011fretmenlerin enerjisini y\u00fckseltir. Mahalle sakinleri olarak, kurum ve kurulu\u015flar olarak e\u011fitime katk\u0131 sa\u011flayabilmek i\u00e7in destek olmam\u0131z gerekir. Burada g\u00f6rd\u00fc\u011f\u00fcm\u00fcz i\u015fbirli\u011fi ve Denetimli Serbestlik Y\u00fck\u00fcml\u00fclerinin emekleri ile ortaya \u00e7\u0131kan bu g\u00fczellik hepimiz mutlu etti. Hepimizin ortak amac\u0131 e\u011fitimde ba\u015far\u0131y\u0131 y\u00fckseltmek. Dolay\u0131s\u0131yla burada maddi ve manevi deste\u011fi olan herkese te\u015fekk\u00fcr ediyoruz.&#8221; \u015feklinde konu\u015ftu.<br \/>\n<br \/>Okulun bak\u0131m ve onar\u0131m\u0131n\u0131n tamamlanmas\u0131ndan sonra yap\u0131lan t\u00f6rende sayg\u0131 duru\u015funda bulunularak \u0130stiklal Mar\u015f\u0131 okundu.<br \/><\/p>\n","protected":false},"excerpt":{"rendered":"<p>Manisa\u2019n\u0131n Ala\u015fehir il\u00e7esinde Cumhuriyet Ba\u015fsavc\u0131l\u0131\u011f\u0131, Ala\u015fehir Belediyesi ve \u0130l\u00e7e Milli E\u011fitim M\u00fcd\u00fcrl\u00fc\u011f\u00fc i\u015fbirli\u011fi ile Delemenler Mahallesi G\u00fczle \u0130lkokuluna denetimli serbestlik y\u00fck\u00fcml\u00fcleri taraf\u0131ndan bak\u0131m ve onar\u0131m yap\u0131ld\u0131. Yar\u0131y\u0131l tatilinde Ala\u015fehir Belediyesinin malzeme deste\u011fi, Denetimli Serbestlik Y\u00fck\u00fcml\u00fclerinden i\u015f\u00e7ilik deste\u011fi ile G\u00fczle \u0130lkokulu bak\u0131m ve onar\u0131mdan ge\u00e7irilerek, e\u011fitime haz\u0131rland\u0131. Ala\u015fehir Cumhuriyet Ba\u015fsavc\u0131l\u0131\u011f\u0131 Denetimli Serbestlik M\u00fcd\u00fcrl\u00fc\u011f\u00fcnde kamu hizmetinde \u00e7al\u0131\u015fan&#8230;<\/p>\n","protected":false},"author":1,"featured_media":15126,"comment_status":"open","ping_status":"open","sticky":false,"template":"","format":"standard","meta":{"_crdt_document":"","footnotes":""},"categories":[1],"tags":[],"class_list":["post-15125","post","type-post","status-publish","format-standard","has-post-thumbnail","hentry","category-guncel"],"_links":{"self":[{"href":"https:\/\/www.egemtv.com\/index.php?rest_route=\/wp\/v2\/posts\/15125","targetHints":{"allow":["GET"]}}],"collection":[{"href":"https:\/\/www.egemtv.com\/index.php?rest_route=\/wp\/v2\/posts"}],"about":[{"href":"https:\/\/www.egemtv.com\/index.php?rest_route=\/wp\/v2\/types\/post"}],"author":[{"embeddable":true,"href":"https:\/\/www.egemtv.com\/index.php?rest_route=\/wp\/v2\/users\/1"}],"replies":[{"embeddable":true,"href":"https:\/\/www.egemtv.com\/index.php?rest_route=%2Fwp%2Fv2%2Fcomments&post=15125"}],"version-history":[{"count":1,"href":"https:\/\/www.egemtv.com\/index.php?rest_route=\/wp\/v2\/posts\/15125\/revisions"}],"predecessor-version":[{"id":15127,"href":"https:\/\/www.egemtv.com\/index.php?rest_route=\/wp\/v2\/posts\/15125\/revisions\/15127"}],"wp:featuredmedia":[{"embeddable":true,"href":"https:\/\/www.egemtv.com\/index.php?rest_route=\/wp\/v2\/media\/15126"}],"wp:attachment":[{"href":"https:\/\/www.egemtv.com\/index.php?rest_route=%2Fwp%2Fv2%2Fmedia&parent=15125"}],"wp:term":[{"taxonomy":"category","embeddable":true,"href":"https:\/\/www.egemtv.com\/index.php?rest_route=%2Fwp%2Fv2%2Fcategories&post=15125"},{"taxonomy":"post_tag","embeddable":true,"href":"https:\/\/www.egemtv.com\/index.php?rest_route=%2Fwp%2Fv2%2Ftags&post=15125"}],"curies":[{"name":"wp","href":"https:\/\/api.w.org\/{rel}","templated":true}]}}