{"id":15122,"date":"2025-02-04T09:06:19","date_gmt":"2025-02-04T06:06:19","guid":{"rendered":"https:\/\/www.egemtv.com\/?p=15122"},"modified":"2025-02-04T09:06:24","modified_gmt":"2025-02-04T06:06:24","slug":"her-hafta-binlerce-urunu-bedavaya-dagitiyorlar","status":"publish","type":"post","link":"https:\/\/www.egemtv.com\/?p=15122","title":{"rendered":"Her hafta binlerce \u00fcr\u00fcn\u00fc bedavaya da\u011f\u0131t\u0131yorlar"},"content":{"rendered":"<p>D\u00fcnyaca \u00fcnl\u00fc markalar\u0131n uygun fiyatlarla sat\u0131\u015fa sunuldu\u011fu Denizli Sosyete Pazar\u0131\u2019nda vatanda\u015flar ihtiyac\u0131 olan her \u00fcr\u00fcne rahatl\u0131kla ula\u015fabiliyor. D\u00fczenlenen kampanyalar ve s\u00fcrpriz \u00e7ekili\u015flerin b\u00fcy\u00fck ilgi g\u00f6rd\u00fc\u011f\u00fc pazarda, bu hafta 1000 adet ah\u015fap ayakkab\u0131l\u0131\u011f\u0131n m\u00fc\u015fterilere \u00fccretsiz olarak da\u011f\u0131t\u0131laca\u011f\u0131 belirtildi.<\/p>\n<p>Pamukkale il\u00e7esine ba\u011fl\u0131 Delikta\u015f Mahallesi Fevzi \u00c7akmak Bulvar\u0131nda faaliyet g\u00f6steren Denizli Sosyete Pazar\u0131, ihtiya\u00e7lar\u0131n\u0131 uygun fiyata ve kaliteli \u00fcr\u00fcnlerde temin etmek isteyenlerin bulu\u015fma noktas\u0131 haline geldi. K\u0131yafetten ev gere\u00e7lerine, kozmetikten tak\u0131ya, \u00e7antadan ayakkab\u0131ya, z\u00fccaciyeden tekstile kadar marka \u00fcr\u00fcnlerin uygun fiyata temin edilebildi\u011fi Denizli Sosyete Pazar\u0131, her hafta Per\u015fembe, Cuma, Cumartesi ve Pazar g\u00fcnleri binlerce ziyaret\u00e7isini a\u011f\u0131rl\u0131yor. Vatanda\u015flar\u0131n akl\u0131na gelebilecek her \u00fcr\u00fcn\u00fcn bulundu\u011funu ve geni\u015f bir alanda rahatl\u0131kla gezilebilen Denizli Sosyete Pazar\u0131\u2019nda haftan\u0131n 4 g\u00fcn\u00fc sabah 10.00 ila ak\u015fam 21.00 saatleri aras\u0131nda izdiham ya\u015fan\u0131yor. Zaman zaman d\u00fczenlenen kampanyalar ve s\u00fcrpriz \u00e7ekili\u015fler b\u00fcy\u00fck ilgi g\u00f6r\u00fcyor.<\/p>\n<p>&#8220;Olumlu tepkiler esnaf\u0131 mutlu ediyor&#8221;<br \/>\n<br \/>D\u00fcnyaca \u00fcnl\u00fc markalar\u0131 Denizlililer ile uygun fiyata bulu\u015fturduklar\u0131n\u0131 belirten Denizli Sosyete Pazar\u0131 Y\u00f6netim Kurulu Ba\u015fkan\u0131 Oktay Y\u0131lmaz, &#8220;Denizli Sosyete Pazar\u0131 olarak haftan\u0131n 4 g\u00fcn\u00fc vatanda\u015flar\u0131m\u0131za hizmet veriyoruz. B\u00fcy\u00fck ilgi g\u00f6ren pazaryerimizde 90\u2019\u0131n \u00fczerinde farkl\u0131 stant ve esnaf bulunuyor. Kad\u0131n-erkek-\u00e7ocuk giyim, i\u00e7 giyim, ayakkab\u0131, \u00e7anta, z\u00fcccaciye, bijuteri, ev tekstili, mutfak ara\u00e7 gere\u00e7leri, hal\u0131, perde, oyuncak, hediyelik e\u015fya, tesett\u00fcr giyim, kozmetik gibi kategoriler ba\u015fta olmak \u00fczere bir\u00e7ok kategoride \u00fcr\u00fcn \u00e7e\u015fitlili\u011fi mevcut. Her hafta belirli \u00fcr\u00fcnlerde kampanya ve indirimler yap\u0131larak, sosyal medya \u00fczerinden videolarla duyuruluyor. Kaliteli \u00fcr\u00fcnleri uygun fiyatla sat\u0131\u015fa sunarak, halk\u0131m\u0131z\u0131n ev ekonomisine katk\u0131 sunmaya \u00e7al\u0131\u015f\u0131yoruz. Ziyaret\u00e7ilerimiz \u00e7ok olumlu tepkiler veriyor, bu da bizleri mutlu ediyor&#8221; dedi.<\/p>\n<p>Kampanyal\u0131 \u00fcr\u00fcnler ve s\u00fcrpriz \u00e7ekili\u015fler ilgi g\u00f6r\u00fcyor<br \/>\n<br \/>&#8220;Denizli\u2019de ba\u015fka \u015fubemiz yoktur&#8221; diyen i\u015fadam\u0131 Oktay Y\u0131lmaz, &#8220;Halihaz\u0131rda pazar i\u00e7erisinde sat\u0131lan \u00fcr\u00fcnlere ek olarak, kampanyal\u0131 \u00fcr\u00fcnleri de Denizlili hem\u015fehrilerimizle bulu\u015fturuyoruz. Belirli al\u0131\u015fveri\u015f tutarlar\u0131nda, belirli stoklarla verilen \u00fcr\u00fcn kampanyalar\u0131 da yap\u0131l\u0131yor. Ara ara sosyal medya \u00fczerinden \u00e7ekili\u015f de yap\u0131l\u0131yor. \u0130\u015fletmemiz \u00f6zellikle Cumartesi ve Pazar g\u00fcnleri \u00e7ok kalabal\u0131k oluyor. Kaliteli \u00fcr\u00fcnleri uygun fiyatla temin etmek isteyen t\u00fcm vatanda\u015flar\u0131m\u0131z\u0131 burada g\u00f6rmekten onur duyar\u0131z&#8221; \u015feklinde konu\u015ftu.<\/p>\n<p>Denizli Sosyete Pazar\u0131 Y\u00f6netim Kurulu Ba\u015fkan\u0131 Oktay Y\u0131lmaz, bu hafta Per\u015fembe g\u00fcn\u00fc 1000 tane ah\u015fap ayakkab\u0131l\u0131\u011f\u0131n m\u00fc\u015fterilere \u00fccretsiz olarak da\u011f\u0131t\u0131laca\u011f\u0131n\u0131 s\u00f6zlerine ekledi.<br \/><\/p>\n","protected":false},"excerpt":{"rendered":"<p>D\u00fcnyaca \u00fcnl\u00fc markalar\u0131n uygun fiyatlarla sat\u0131\u015fa sunuldu\u011fu Denizli Sosyete Pazar\u0131\u2019nda vatanda\u015flar ihtiyac\u0131 olan her \u00fcr\u00fcne rahatl\u0131kla ula\u015fabiliyor. D\u00fczenlenen kampanyalar ve s\u00fcrpriz \u00e7ekili\u015flerin b\u00fcy\u00fck ilgi g\u00f6rd\u00fc\u011f\u00fc pazarda, bu hafta 1000 adet ah\u015fap ayakkab\u0131l\u0131\u011f\u0131n m\u00fc\u015fterilere \u00fccretsiz olarak da\u011f\u0131t\u0131laca\u011f\u0131 belirtildi. Pamukkale il\u00e7esine ba\u011fl\u0131 Delikta\u015f Mahallesi Fevzi \u00c7akmak Bulvar\u0131nda faaliyet g\u00f6steren Denizli Sosyete Pazar\u0131, ihtiya\u00e7lar\u0131n\u0131 uygun fiyata ve kaliteli&#8230;<\/p>\n","protected":false},"author":1,"featured_media":15123,"comment_status":"open","ping_status":"open","sticky":false,"template":"","format":"standard","meta":{"_crdt_document":"","footnotes":""},"categories":[125],"tags":[],"class_list":["post-15122","post","type-post","status-publish","format-standard","has-post-thumbnail","hentry","category-ekonomi"],"_links":{"self":[{"href":"https:\/\/www.egemtv.com\/index.php?rest_route=\/wp\/v2\/posts\/15122","targetHints":{"allow":["GET"]}}],"collection":[{"href":"https:\/\/www.egemtv.com\/index.php?rest_route=\/wp\/v2\/posts"}],"about":[{"href":"https:\/\/www.egemtv.com\/index.php?rest_route=\/wp\/v2\/types\/post"}],"author":[{"embeddable":true,"href":"https:\/\/www.egemtv.com\/index.php?rest_route=\/wp\/v2\/users\/1"}],"replies":[{"embeddable":true,"href":"https:\/\/www.egemtv.com\/index.php?rest_route=%2Fwp%2Fv2%2Fcomments&post=15122"}],"version-history":[{"count":1,"href":"https:\/\/www.egemtv.com\/index.php?rest_route=\/wp\/v2\/posts\/15122\/revisions"}],"predecessor-version":[{"id":15124,"href":"https:\/\/www.egemtv.com\/index.php?rest_route=\/wp\/v2\/posts\/15122\/revisions\/15124"}],"wp:featuredmedia":[{"embeddable":true,"href":"https:\/\/www.egemtv.com\/index.php?rest_route=\/wp\/v2\/media\/15123"}],"wp:attachment":[{"href":"https:\/\/www.egemtv.com\/index.php?rest_route=%2Fwp%2Fv2%2Fmedia&parent=15122"}],"wp:term":[{"taxonomy":"category","embeddable":true,"href":"https:\/\/www.egemtv.com\/index.php?rest_route=%2Fwp%2Fv2%2Fcategories&post=15122"},{"taxonomy":"post_tag","embeddable":true,"href":"https:\/\/www.egemtv.com\/index.php?rest_route=%2Fwp%2Fv2%2Ftags&post=15122"}],"curies":[{"name":"wp","href":"https:\/\/api.w.org\/{rel}","templated":true}]}}