{"id":15119,"date":"2025-02-04T09:06:14","date_gmt":"2025-02-04T06:06:14","guid":{"rendered":"https:\/\/www.egemtv.com\/?p=15119"},"modified":"2025-02-04T09:06:19","modified_gmt":"2025-02-04T06:06:19","slug":"aydinda-gubre-satisi-yapilan-yerler-denetlendi","status":"publish","type":"post","link":"https:\/\/www.egemtv.com\/?p=15119","title":{"rendered":"Ayd\u0131n\u2019da g\u00fcbre sat\u0131\u015f\u0131 yap\u0131lan yerler denetlendi"},"content":{"rendered":"<p>Ayd\u0131n\u2019da \u0130l Tar\u0131m ve Orman M\u00fcd\u00fcrl\u00fc\u011f\u00fc ekipleri g\u00fcbre sat\u0131\u015f\u0131 yap\u0131lan yerlerde denetim ger\u00e7ekle\u015ftirdi.<br \/>\n<br \/>Ayd\u0131n Tar\u0131m ve Orman M\u00fcd\u00fcrl\u00fc\u011f\u00fc\u2019nden yap\u0131lan a\u00e7\u0131klamada, &#8220;Bakanl\u0131\u011f\u0131m\u0131z\u0131n talimatlar\u0131 do\u011frultusunda Tar\u0131mda Kullan\u0131lan G\u00fcbrelerin Piyasa G\u00f6zetimi ve Denetimi Y\u00f6netmeli\u011fi \u00e7er\u00e7evesinde, \u00e7ift\u00e7ilerimizin g\u00fcbre kullan\u0131m sezonu \u00f6ncesi g\u00fcvenilir g\u00fcbreye eri\u015fimini temin etmek, taklit ve ta\u011f\u015fi\u015f g\u00fcbrelerin piyasaya arz\u0131n\u0131n \u00f6nlenerek \u00e7ift\u00e7ilerimizin haklar\u0131n\u0131n korunmas\u0131 amac\u0131yla \u00fclkemiz \u00e7ap\u0131nda e\u015f zamanl\u0131 olarak t\u00fcm \u0130l ve \u0130l\u00e7e M\u00fcd\u00fcrl\u00fcklerimizin kat\u0131l\u0131m\u0131 ile ger\u00e7ekle\u015ftirilecek olan g\u00fcbre denetimi \u0130l M\u00fcd\u00fcrl\u00fc\u011f\u00fcm\u00fcz ve \u0130l\u00e7e M\u00fcd\u00fcrl\u00fc\u011f\u00fcm\u00fcz personellerinin kat\u0131l\u0131m\u0131yla \u0130limizde ger\u00e7ekle\u015ftirilmi\u015ftir&#8221; denildi.<br \/><\/p>\n","protected":false},"excerpt":{"rendered":"<p>Ayd\u0131n\u2019da \u0130l Tar\u0131m ve Orman M\u00fcd\u00fcrl\u00fc\u011f\u00fc ekipleri g\u00fcbre sat\u0131\u015f\u0131 yap\u0131lan yerlerde denetim ger\u00e7ekle\u015ftirdi. Ayd\u0131n Tar\u0131m ve Orman M\u00fcd\u00fcrl\u00fc\u011f\u00fc\u2019nden yap\u0131lan a\u00e7\u0131klamada, &#8220;Bakanl\u0131\u011f\u0131m\u0131z\u0131n talimatlar\u0131 do\u011frultusunda Tar\u0131mda Kullan\u0131lan G\u00fcbrelerin Piyasa G\u00f6zetimi ve Denetimi Y\u00f6netmeli\u011fi \u00e7er\u00e7evesinde, \u00e7ift\u00e7ilerimizin g\u00fcbre kullan\u0131m sezonu \u00f6ncesi g\u00fcvenilir g\u00fcbreye eri\u015fimini temin etmek, taklit ve ta\u011f\u015fi\u015f g\u00fcbrelerin piyasaya arz\u0131n\u0131n \u00f6nlenerek \u00e7ift\u00e7ilerimizin haklar\u0131n\u0131n korunmas\u0131 amac\u0131yla \u00fclkemiz \u00e7ap\u0131nda&#8230;<\/p>\n","protected":false},"author":1,"featured_media":15120,"comment_status":"open","ping_status":"open","sticky":false,"template":"","format":"standard","meta":{"_crdt_document":"","footnotes":""},"categories":[1],"tags":[],"class_list":["post-15119","post","type-post","status-publish","format-standard","has-post-thumbnail","hentry","category-guncel"],"_links":{"self":[{"href":"https:\/\/www.egemtv.com\/index.php?rest_route=\/wp\/v2\/posts\/15119","targetHints":{"allow":["GET"]}}],"collection":[{"href":"https:\/\/www.egemtv.com\/index.php?rest_route=\/wp\/v2\/posts"}],"about":[{"href":"https:\/\/www.egemtv.com\/index.php?rest_route=\/wp\/v2\/types\/post"}],"author":[{"embeddable":true,"href":"https:\/\/www.egemtv.com\/index.php?rest_route=\/wp\/v2\/users\/1"}],"replies":[{"embeddable":true,"href":"https:\/\/www.egemtv.com\/index.php?rest_route=%2Fwp%2Fv2%2Fcomments&post=15119"}],"version-history":[{"count":1,"href":"https:\/\/www.egemtv.com\/index.php?rest_route=\/wp\/v2\/posts\/15119\/revisions"}],"predecessor-version":[{"id":15121,"href":"https:\/\/www.egemtv.com\/index.php?rest_route=\/wp\/v2\/posts\/15119\/revisions\/15121"}],"wp:featuredmedia":[{"embeddable":true,"href":"https:\/\/www.egemtv.com\/index.php?rest_route=\/wp\/v2\/media\/15120"}],"wp:attachment":[{"href":"https:\/\/www.egemtv.com\/index.php?rest_route=%2Fwp%2Fv2%2Fmedia&parent=15119"}],"wp:term":[{"taxonomy":"category","embeddable":true,"href":"https:\/\/www.egemtv.com\/index.php?rest_route=%2Fwp%2Fv2%2Fcategories&post=15119"},{"taxonomy":"post_tag","embeddable":true,"href":"https:\/\/www.egemtv.com\/index.php?rest_route=%2Fwp%2Fv2%2Ftags&post=15119"}],"curies":[{"name":"wp","href":"https:\/\/api.w.org\/{rel}","templated":true}]}}