{"id":15116,"date":"2025-02-04T08:49:27","date_gmt":"2025-02-04T05:49:27","guid":{"rendered":"https:\/\/www.egemtv.com\/?p=15116"},"modified":"2025-02-04T08:49:32","modified_gmt":"2025-02-04T05:49:32","slug":"baskan-gencay-altinkumu-daha-yasanabilir-bir-hale-getirecegiz","status":"publish","type":"post","link":"https:\/\/www.egemtv.com\/?p=15116","title":{"rendered":"Ba\u015fkan Gen\u00e7ay: &#8220;Alt\u0131nkum\u2019u daha ya\u015fanabilir bir hale getirece\u011fiz&#8221;"},"content":{"rendered":"<p>Didim Belediye Ba\u015fkan\u0131 Hatice Gen\u00e7ay, Yal\u0131 Caddesi esnaf\u0131 ile bir araya gelirken, Alt\u0131nkum\u2019u daha ya\u015fanabilir hale getirmek i\u00e7in \u00e7al\u0131\u015fmalar\u0131n\u0131 s\u00fcrd\u00fcrd\u00fcklerini ifade etti.<\/p>\n<p>Didim\u2019i daha modern ve daha ya\u015fanabilir bir kent yapmak i\u00e7in \u00e7al\u0131\u015fmalara ba\u015flayan Didim Belediye Ba\u015fkan\u0131 Hatice Gen\u00e7ay, Alt\u0131nkum sahilinde yer alan Yal\u0131 Caddesi esnaf\u0131 ile bir toplant\u0131 ger\u00e7ekle\u015ftirdi.<\/p>\n<p>Didim Belediyesi Meclis Toplant\u0131 Salonu\u2019nda ger\u00e7ekle\u015ftirilen toplant\u0131ya Ba\u015fkan Gen\u00e7ay\u2019\u0131n yan\u0131 s\u0131ra Belediye Ba\u015fkan Yard\u0131mc\u0131lar\u0131 Aydan A\u015f\u0131k Turgut, Ali \u00c7elik ile Kaan Top\u00e7uo\u011fullar\u0131 ve Yal\u0131 Caddesi esnaflar\u0131 kat\u0131ld\u0131.<\/p>\n<p>Esnaflar\u0131n talep, \u00f6neri ve sorunlar\u0131n\u0131 tek tek dinleyen Didim Belediye Ba\u015fkan\u0131 Hatice Gen\u00e7ay, Alt\u0131nkum\u2019a yap\u0131lacak \u00e7al\u0131\u015fmalarla ilgili esnaflarla bilgi al\u0131\u015fveri\u015finde bulundu.<\/p>\n<p>Toplant\u0131 ile ilgili a\u00e7\u0131klama yapan Ba\u015fkan Gen\u00e7ay, &#8220;K\u0131ymetli esnaflar\u0131m\u0131zla Meclis Toplant\u0131 Salonu\u2019nda bir araya geldik. Esnaflar\u0131m\u0131z\u0131n kar\u015f\u0131la\u015ft\u0131klar\u0131 sorunlar\u0131 ve \u00e7\u00f6z\u00fcm bekleyen konular\u0131 detayl\u0131 bir \u015fekilde ele ald\u0131k. Alt\u0131nkum\u2019u daha ya\u015fanabilir, daha hareketli ve daha g\u00fc\u00e7l\u00fc bir ticaret merkezi haline getirmek i\u00e7in hep birlikte \u00e7al\u0131\u015fmaya devam edece\u011fiz. Esnaf\u0131m\u0131z\u0131n eme\u011fini, al\u0131n terini koruyarak mahallemizi hak etti\u011fi noktaya ta\u015f\u0131mak i\u00e7in var g\u00fcc\u00fcm\u00fczle \u00e7al\u0131\u015faca\u011f\u0131z&#8221; dedi.<br \/><\/p>\n","protected":false},"excerpt":{"rendered":"<p>Didim Belediye Ba\u015fkan\u0131 Hatice Gen\u00e7ay, Yal\u0131 Caddesi esnaf\u0131 ile bir araya gelirken, Alt\u0131nkum\u2019u daha ya\u015fanabilir hale getirmek i\u00e7in \u00e7al\u0131\u015fmalar\u0131n\u0131 s\u00fcrd\u00fcrd\u00fcklerini ifade etti. Didim\u2019i daha modern ve daha ya\u015fanabilir bir kent yapmak i\u00e7in \u00e7al\u0131\u015fmalara ba\u015flayan Didim Belediye Ba\u015fkan\u0131 Hatice Gen\u00e7ay, Alt\u0131nkum sahilinde yer alan Yal\u0131 Caddesi esnaf\u0131 ile bir toplant\u0131 ger\u00e7ekle\u015ftirdi. Didim Belediyesi Meclis Toplant\u0131 Salonu\u2019nda&#8230;<\/p>\n","protected":false},"author":1,"featured_media":15117,"comment_status":"open","ping_status":"open","sticky":false,"template":"","format":"standard","meta":{"_crdt_document":"","footnotes":""},"categories":[1],"tags":[],"class_list":["post-15116","post","type-post","status-publish","format-standard","has-post-thumbnail","hentry","category-guncel"],"_links":{"self":[{"href":"https:\/\/www.egemtv.com\/index.php?rest_route=\/wp\/v2\/posts\/15116","targetHints":{"allow":["GET"]}}],"collection":[{"href":"https:\/\/www.egemtv.com\/index.php?rest_route=\/wp\/v2\/posts"}],"about":[{"href":"https:\/\/www.egemtv.com\/index.php?rest_route=\/wp\/v2\/types\/post"}],"author":[{"embeddable":true,"href":"https:\/\/www.egemtv.com\/index.php?rest_route=\/wp\/v2\/users\/1"}],"replies":[{"embeddable":true,"href":"https:\/\/www.egemtv.com\/index.php?rest_route=%2Fwp%2Fv2%2Fcomments&post=15116"}],"version-history":[{"count":1,"href":"https:\/\/www.egemtv.com\/index.php?rest_route=\/wp\/v2\/posts\/15116\/revisions"}],"predecessor-version":[{"id":15118,"href":"https:\/\/www.egemtv.com\/index.php?rest_route=\/wp\/v2\/posts\/15116\/revisions\/15118"}],"wp:featuredmedia":[{"embeddable":true,"href":"https:\/\/www.egemtv.com\/index.php?rest_route=\/wp\/v2\/media\/15117"}],"wp:attachment":[{"href":"https:\/\/www.egemtv.com\/index.php?rest_route=%2Fwp%2Fv2%2Fmedia&parent=15116"}],"wp:term":[{"taxonomy":"category","embeddable":true,"href":"https:\/\/www.egemtv.com\/index.php?rest_route=%2Fwp%2Fv2%2Fcategories&post=15116"},{"taxonomy":"post_tag","embeddable":true,"href":"https:\/\/www.egemtv.com\/index.php?rest_route=%2Fwp%2Fv2%2Ftags&post=15116"}],"curies":[{"name":"wp","href":"https:\/\/api.w.org\/{rel}","templated":true}]}}