{"id":15110,"date":"2025-02-04T08:31:12","date_gmt":"2025-02-04T05:31:12","guid":{"rendered":"https:\/\/www.egemtv.com\/?p=15110"},"modified":"2025-02-04T08:31:17","modified_gmt":"2025-02-04T05:31:17","slug":"baskan-cercioglu-sosyal-belediyecilikten-taviz-yok","status":"publish","type":"post","link":"https:\/\/www.egemtv.com\/?p=15110","title":{"rendered":"Ba\u015fkan \u00c7er\u00e7io\u011flu: \u2019Sosyal belediyecilikten taviz yok\u2019"},"content":{"rendered":"<p>Ayd\u0131n B\u00fcy\u00fck\u015fehir Belediye Ba\u015fkan\u0131 \u00d6zlem \u00c7er\u00e7io\u011flu ile Ku\u015fadas\u0131 Belediye Ba\u015fkan\u0131 \u00d6mer G\u00fcnel, d\u00fczenledikleri ortak bas\u0131n toplant\u0131s\u0131nda, her iki belediye taraf\u0131ndan Ku\u015fadas\u0131\u2019nda ya\u015fama ge\u00e7irilen ve ge\u00e7irilecek olan hizmetlerle ilgili bilgi verdi. T\u00fcrkiye\u2019de ya\u015fanan ekonomik kriz nedeniyle belediyelerin yoksullukla m\u00fccadele eden kurumlar haline geldi\u011fine dikkat \u00e7eken Ba\u015fkan \u00d6zlem \u00c7er\u00e7io\u011flu ve Ba\u015fkan \u00d6mer G\u00fcnel, sosyal belediyecilikten \u00f6d\u00fcn vermeyeceklerinin alt\u0131n\u0131 \u00e7izdi.<\/p>\n<p>Ba\u015fkan \u00c7er\u00e7io\u011flu ve Ba\u015fkan G\u00fcnel, Ku\u015fadas\u0131\u2019nda d\u00fczenlenen toplant\u0131da Ayd\u0131n ve Ku\u015fadas\u0131 bas\u0131n\u0131 ile bulu\u015ftu. Toplant\u0131n\u0131n a\u00e7\u0131l\u0131\u015f\u0131nda konu\u015fan Ba\u015fkan G\u00fcnel, belirli aral\u0131klarla bas\u0131n mensuplar\u0131yla bulu\u015fman\u0131n ve kamuoyunu do\u011fru bilgilendirmenin \u00f6nemine dikkat \u00e7ekti. G\u00f6reve geldi\u011fi g\u00fcnden bu yana Ayd\u0131n B\u00fcy\u00fck\u015fehir Belediyesi ile i\u015f birli\u011fi i\u00e7erisinde \u00e7al\u0131\u015ft\u0131klar\u0131n\u0131 ifade eden Ba\u015fkan G\u00fcnel, &#8220;Bu uyum ve i\u015f birli\u011finin Ku\u015fadas\u0131\u2019na ne kadar \u00e7ok \u015fey katt\u0131\u011f\u0131 ortada. \u0130kinci hizmet d\u00f6nemimizi de B\u00fcy\u00fck\u015fehir Belediye Ba\u015fkan\u0131m\u0131z \u00d6zlem \u00c7er\u00e7io\u011flu ile birlikte \u00fcreterek s\u00fcrd\u00fcrme arzusunday\u0131m. Davetimize icabet ederek bug\u00fcn burada bizlerle olan \u00d6zlem Ba\u015fkan\u0131m\u0131za te\u015fekk\u00fcr ediyorum&#8221; diye konu\u015ftu.<\/p>\n<p>Ya\u015fanan t\u00fcm ekonomik sorunlara ra\u011fmen mazeret \u00fcretmeden, az zamanda \u00e7ok i\u015f yapma arzusu ile tamamlad\u0131klar\u0131 5 y\u0131l\u0131n ard\u0131ndan ikinci hizmet d\u00f6nemine de h\u0131zl\u0131 ba\u015flad\u0131klar\u0131n\u0131 belirten Ba\u015fkan \u00d6mer G\u00fcnel, &#8220;5 y\u0131lda yapt\u0131\u011f\u0131m\u0131z 1 milyar 117 milyon yat\u0131r\u0131mla Ku\u015fadas\u0131\u2019na 218 kilometre yol kazand\u0131rd\u0131k. Bu rakam \u00f6nceki 10 y\u0131lda yap\u0131lan yol miktar\u0131n\u0131n 5 kat\u0131ndan daha fazla. Bunun yan\u0131nda 70 futbol sahas\u0131 b\u00fcy\u00fckl\u00fc\u011f\u00fcnde park ve ye\u015fil alan yapt\u0131k. Yeni sosyal destek paketleri ve sosyal donat\u0131 alan\u0131 projeleri ile hem\u015fehrilerimizin her zaman yan\u0131nda olduk. Devletten gelen b\u00fct\u00e7e personel maa\u015flar\u0131n\u0131n yar\u0131s\u0131n\u0131 dahi kar\u015f\u0131lamazken bunlar\u0131 yapt\u0131k&#8221; dedi. Devam etmekte olan L\u00fctfi Suyolcu Kent Meydan\u0131 ve Ya\u015fam Merkezi, Ku\u015fadas\u0131 Ya\u015fam K\u00fclt\u00fcr ve Spor Merkezi ile Keseda\u011f\u0131 Mesire Alan\u0131 projelerinin tamamlanmas\u0131yla kentin b\u00fcy\u00fck bir de\u011fi\u015fim ya\u015fayaca\u011f\u0131n\u0131 ifade eden Ba\u015fkan \u00d6mer G\u00fcnel, Ku\u015fadas\u0131\u2019n\u0131 hak etti\u011fi yere ta\u015f\u0131mak i\u00e7in \u00e7al\u0131\u015fmaya devam edeceklerini ifade etti.<\/p>\n<p>Toplant\u0131da konu\u015fan Ayd\u0131n B\u00fcy\u00fck\u015fehir Belediye Ba\u015fkan\u0131 \u00d6zlem \u00c7er\u00e7io\u011flu, Ku\u015fadas\u0131\u2019nda bas\u0131n mensuplar\u0131yla bulu\u015fmaktan duydu\u011fu memnuniyeti dile getirdi. Her ge\u00e7en g\u00fcn derinle\u015fen yoksullu\u011fa dikkat \u00e7eken Ba\u015fkan \u00d6zlem \u00c7er\u00e7io\u011flu, 2025 y\u0131l\u0131 b\u00fct\u00e7esinde sosyal yard\u0131mlara ciddi bir b\u00fct\u00e7e ay\u0131rd\u0131klar\u0131n\u0131 belirtti. Ekonomik sorunlar\u0131n artmas\u0131 ile birlikte belediye ba\u015fkanlar\u0131na d\u00fc\u015fen g\u00f6revin her ge\u00e7en g\u00fcn artt\u0131\u011f\u0131n\u0131 ifade eden Ba\u015fkan \u00d6zlem \u00c7er\u00e7io\u011flu &#8220;CHP\u2019li belediye ba\u015fkanlar\u0131 sosyal belediyecili\u011fi en iyi yapan belediye ba\u015fkanlar\u0131d\u0131r. Ayd\u0131n\u2019da ya\u015f\u0131yorsan\u0131z yata\u011fa a\u00e7 girmezsiniz ve \u00fc\u015f\u00fcmezsiniz&#8221; dedi.<\/p>\n<p>Ayd\u0131n B\u00fcy\u00fck\u015fehir Belediyesi olarak Ku\u015fadas\u0131\u2019nda 499 kilometrelik alt yap\u0131 \u00e7al\u0131\u015fmas\u0131 yapt\u0131klar\u0131n\u0131 belirten Ba\u015fkan \u00d6zlem \u00c7er\u00e7io\u011flu, yeni yat\u0131r\u0131mlar\u0131n da en k\u0131sa s\u00fcre i\u00e7erisinde ba\u015flayaca\u011f\u0131n\u0131 s\u00f6yledi. Yeni yap\u0131lacak yat\u0131r\u0131mlar kapsam\u0131nda 15 kilometrelik Ku\u015fadas\u0131-G\u00fczel\u00e7aml\u0131 kanalizasyon hatt\u0131, 13 kilometrelik Bayrakl\u0131dede kanalizasyon hatt\u0131 ile Karaova ve G\u00fczel\u00e7aml\u0131 mahalleleri i\u00e7me suyu hatt\u0131n\u0131n yer ald\u0131\u011f\u0131n\u0131 kaydeden Ba\u015fkan \u00d6zlem \u00c7er\u00e7io\u011flu yol yat\u0131r\u0131mlar\u0131n\u0131n da s\u00fcrece\u011fini ifade etti.<br \/>\n<br \/>A\u00e7\u0131klamalar\u0131n\u0131n ard\u0131ndan Ba\u015fkan \u00d6zlem \u00c7er\u00e7io\u011flu ve Ba\u015fkan \u00d6mer G\u00fcnel, bas\u0131n mensuplar\u0131n\u0131n hizmet ve projelerle ilgili sorular\u0131n\u0131 yan\u0131tlad\u0131.<br \/><\/p>\n","protected":false},"excerpt":{"rendered":"<p>Ayd\u0131n B\u00fcy\u00fck\u015fehir Belediye Ba\u015fkan\u0131 \u00d6zlem \u00c7er\u00e7io\u011flu ile Ku\u015fadas\u0131 Belediye Ba\u015fkan\u0131 \u00d6mer G\u00fcnel, d\u00fczenledikleri ortak bas\u0131n toplant\u0131s\u0131nda, her iki belediye taraf\u0131ndan Ku\u015fadas\u0131\u2019nda ya\u015fama ge\u00e7irilen ve ge\u00e7irilecek olan hizmetlerle ilgili bilgi verdi. T\u00fcrkiye\u2019de ya\u015fanan ekonomik kriz nedeniyle belediyelerin yoksullukla m\u00fccadele eden kurumlar haline geldi\u011fine dikkat \u00e7eken Ba\u015fkan \u00d6zlem \u00c7er\u00e7io\u011flu ve Ba\u015fkan \u00d6mer G\u00fcnel, sosyal belediyecilikten \u00f6d\u00fcn vermeyeceklerinin&#8230;<\/p>\n","protected":false},"author":1,"featured_media":15111,"comment_status":"open","ping_status":"open","sticky":false,"template":"","format":"standard","meta":{"_crdt_document":"","footnotes":""},"categories":[127],"tags":[],"class_list":["post-15110","post","type-post","status-publish","format-standard","has-post-thumbnail","hentry","category-siyaset"],"_links":{"self":[{"href":"https:\/\/www.egemtv.com\/index.php?rest_route=\/wp\/v2\/posts\/15110","targetHints":{"allow":["GET"]}}],"collection":[{"href":"https:\/\/www.egemtv.com\/index.php?rest_route=\/wp\/v2\/posts"}],"about":[{"href":"https:\/\/www.egemtv.com\/index.php?rest_route=\/wp\/v2\/types\/post"}],"author":[{"embeddable":true,"href":"https:\/\/www.egemtv.com\/index.php?rest_route=\/wp\/v2\/users\/1"}],"replies":[{"embeddable":true,"href":"https:\/\/www.egemtv.com\/index.php?rest_route=%2Fwp%2Fv2%2Fcomments&post=15110"}],"version-history":[{"count":1,"href":"https:\/\/www.egemtv.com\/index.php?rest_route=\/wp\/v2\/posts\/15110\/revisions"}],"predecessor-version":[{"id":15112,"href":"https:\/\/www.egemtv.com\/index.php?rest_route=\/wp\/v2\/posts\/15110\/revisions\/15112"}],"wp:featuredmedia":[{"embeddable":true,"href":"https:\/\/www.egemtv.com\/index.php?rest_route=\/wp\/v2\/media\/15111"}],"wp:attachment":[{"href":"https:\/\/www.egemtv.com\/index.php?rest_route=%2Fwp%2Fv2%2Fmedia&parent=15110"}],"wp:term":[{"taxonomy":"category","embeddable":true,"href":"https:\/\/www.egemtv.com\/index.php?rest_route=%2Fwp%2Fv2%2Fcategories&post=15110"},{"taxonomy":"post_tag","embeddable":true,"href":"https:\/\/www.egemtv.com\/index.php?rest_route=%2Fwp%2Fv2%2Ftags&post=15110"}],"curies":[{"name":"wp","href":"https:\/\/api.w.org\/{rel}","templated":true}]}}