{"id":15107,"date":"2025-02-03T21:55:39","date_gmt":"2025-02-03T18:55:39","guid":{"rendered":"https:\/\/www.egemtv.com\/?p=15107"},"modified":"2025-02-03T21:55:42","modified_gmt":"2025-02-03T18:55:42","slug":"ege-denizinde-firtina-uyarisi","status":"publish","type":"post","link":"https:\/\/www.egemtv.com\/?p=15107","title":{"rendered":"Ege Denizi\u2019nde f\u0131rt\u0131na uyar\u0131s\u0131"},"content":{"rendered":"<p>Meteoroloji 2. B\u00f6lge M\u00fcd\u00fcrl\u00fc\u011f\u00fc verilerine g\u00f6re 4 \u015eubat Sal\u0131 g\u00fcn\u00fc sabah saatlerinden itibaren Ege Denizi\u2019nde f\u0131rt\u0131nan\u0131n etkili olmas\u0131 bekleniyor.<\/p>\n<p>Meteoroloji 2. B\u00f6lge M\u00fcd\u00fcrl\u00fc\u011f\u00fc Tahmin ve Erken Uyar\u0131 Merkezi\u2019nden yap\u0131lan a\u00e7\u0131klamada, &#8220;Kuzey Ege\u2019de r\u00fczgar\u0131n; Yar\u0131n (Sal\u0131) sabah saatlerinden itibaren kuzey ve kuzeydo\u011fudan, G\u00fcney Ege\u2019de yar\u0131n (Sal\u0131) ak\u015fam saatlerinden itibaren kuzey ve kuzeybat\u0131dan 6 ila 8 kuvvetinde (50-75 km\/saat) f\u0131rt\u0131na seklinde esece\u011fi tahmin ediliyor. F\u0131rt\u0131nan\u0131n, Per\u015fembe g\u00fcn\u00fc (06.02.2025) ak\u015fam saatlerinden sonra etkisini kaybetmesi beklenmektedir. Vatanda\u015flar\u0131m\u0131z\u0131n herhangi bir olumsuzlukla kar\u015f\u0131la\u015fmamalar\u0131 i\u00e7in dikkatli ve tedbirli olmalar\u0131 gerekmektedir&#8221; ifadelerine yer verildi.<br \/><\/p>\n","protected":false},"excerpt":{"rendered":"<p>Meteoroloji 2. B\u00f6lge M\u00fcd\u00fcrl\u00fc\u011f\u00fc verilerine g\u00f6re 4 \u015eubat Sal\u0131 g\u00fcn\u00fc sabah saatlerinden itibaren Ege Denizi\u2019nde f\u0131rt\u0131nan\u0131n etkili olmas\u0131 bekleniyor. Meteoroloji 2. B\u00f6lge M\u00fcd\u00fcrl\u00fc\u011f\u00fc Tahmin ve Erken Uyar\u0131 Merkezi\u2019nden yap\u0131lan a\u00e7\u0131klamada, &#8220;Kuzey Ege\u2019de r\u00fczgar\u0131n; Yar\u0131n (Sal\u0131) sabah saatlerinden itibaren kuzey ve kuzeydo\u011fudan, G\u00fcney Ege\u2019de yar\u0131n (Sal\u0131) ak\u015fam saatlerinden itibaren kuzey ve kuzeybat\u0131dan 6 ila 8 kuvvetinde&#8230;<\/p>\n","protected":false},"author":1,"featured_media":15108,"comment_status":"open","ping_status":"open","sticky":false,"template":"","format":"standard","meta":{"_crdt_document":"","footnotes":""},"categories":[1],"tags":[],"class_list":["post-15107","post","type-post","status-publish","format-standard","has-post-thumbnail","hentry","category-guncel"],"_links":{"self":[{"href":"https:\/\/www.egemtv.com\/index.php?rest_route=\/wp\/v2\/posts\/15107","targetHints":{"allow":["GET"]}}],"collection":[{"href":"https:\/\/www.egemtv.com\/index.php?rest_route=\/wp\/v2\/posts"}],"about":[{"href":"https:\/\/www.egemtv.com\/index.php?rest_route=\/wp\/v2\/types\/post"}],"author":[{"embeddable":true,"href":"https:\/\/www.egemtv.com\/index.php?rest_route=\/wp\/v2\/users\/1"}],"replies":[{"embeddable":true,"href":"https:\/\/www.egemtv.com\/index.php?rest_route=%2Fwp%2Fv2%2Fcomments&post=15107"}],"version-history":[{"count":1,"href":"https:\/\/www.egemtv.com\/index.php?rest_route=\/wp\/v2\/posts\/15107\/revisions"}],"predecessor-version":[{"id":15109,"href":"https:\/\/www.egemtv.com\/index.php?rest_route=\/wp\/v2\/posts\/15107\/revisions\/15109"}],"wp:featuredmedia":[{"embeddable":true,"href":"https:\/\/www.egemtv.com\/index.php?rest_route=\/wp\/v2\/media\/15108"}],"wp:attachment":[{"href":"https:\/\/www.egemtv.com\/index.php?rest_route=%2Fwp%2Fv2%2Fmedia&parent=15107"}],"wp:term":[{"taxonomy":"category","embeddable":true,"href":"https:\/\/www.egemtv.com\/index.php?rest_route=%2Fwp%2Fv2%2Fcategories&post=15107"},{"taxonomy":"post_tag","embeddable":true,"href":"https:\/\/www.egemtv.com\/index.php?rest_route=%2Fwp%2Fv2%2Ftags&post=15107"}],"curies":[{"name":"wp","href":"https:\/\/api.w.org\/{rel}","templated":true}]}}