{"id":15104,"date":"2025-02-03T21:34:21","date_gmt":"2025-02-03T18:34:21","guid":{"rendered":"https:\/\/www.egemtv.com\/?p=15104"},"modified":"2025-02-03T21:34:26","modified_gmt":"2025-02-03T18:34:26","slug":"kusadasi-belediye-meclisi-subat-ayi-toplantisi-davutlarda-yapildi","status":"publish","type":"post","link":"https:\/\/www.egemtv.com\/?p=15104","title":{"rendered":"Ku\u015fadas\u0131 Belediye Meclisi \u015eubat ay\u0131 Toplant\u0131s\u0131 Davutlar\u2019da yap\u0131ld\u0131"},"content":{"rendered":"<p>Ku\u015fadas\u0131 Belediye Meclisi \u015eubat ay\u0131 ola\u011fan toplant\u0131s\u0131, Belediye Ba\u015fkan\u0131 \u00d6mer G\u00fcnel y\u00f6netiminde Davutlar Mahallesi Hizmet Binas\u0131 Toplant\u0131 Salonunda yap\u0131ld\u0131. M\u00fcd\u00fcrl\u00fcklerden gelen ve komisyonlara havale edilen konular\u0131n g\u00f6r\u00fc\u015f\u00fcld\u00fc\u011f\u00fc toplant\u0131da kent ile ilgili \u00f6nemli kararlar al\u0131nd\u0131.<\/p>\n<p>Ku\u015fadas\u0131 Belediye Meclisi \u015eubat ay\u0131 toplant\u0131s\u0131, Ku\u015fadas\u0131 Belediyesi\u2019nin de \u00fcyesi oldu\u011fu, Bar\u0131\u015f i\u00e7in Belediye Ba\u015fkanlar\u0131 Platformu (Mayors for Peace) taraf\u0131ndan her y\u0131l \u00fcye \u015fehirlerde ya\u015fayan \u00e7ocuklar i\u00e7in d\u00fczenlenen bar\u0131\u015f temal\u0131 sanat yar\u0131\u015fmas\u0131nda 3\u2019\u00fcnc\u00fc olan Makbule Hasan U\u00e7ar Anadolu Lisesi 10. S\u0131n\u0131f \u00f6\u011frencisi Tuana Han\u00e7ero\u011flu\u2019nu a\u011f\u0131rlad\u0131. 21 \u00fclke ve 123 \u015fehirden 11-15 ya\u015f grubu 1896 \u00f6\u011frencinin kat\u0131ld\u0131\u011f\u0131 &#8220;Bar\u0131\u015f\u00e7\u0131l Kasabalar&#8221; konulu yar\u0131\u015fmada yapt\u0131\u011f\u0131 resim ile 3\u2019\u00fcnc\u00fc olan Tuana Han\u00e7ero\u011flu\u2019nu tebrik eden Ba\u015fkan \u00d6mer G\u00fcnel, &#8220;D\u00fcnya \u00e7ap\u0131ndan 1900\u2019e yak\u0131n \u00f6\u011frencinin kat\u0131ld\u0131\u011f\u0131 bir yar\u0131\u015fmada Ku\u015fadal\u0131 Sevgili Tuana\u2019n\u0131n elde etti\u011fi ba\u015far\u0131dan dolay\u0131 \u00e7ok mutluyuz. Ba\u015far\u0131lar\u0131n\u0131n devam\u0131n\u0131 diliyoruz&#8221; dedi.<\/p>\n<p>Toplant\u0131da, Ku\u015fadas\u0131\u2019n\u0131n simge mek\u00e2nlar\u0131 aras\u0131nda yer alan ve Ku\u015fadas\u0131 Belediyesi\u2019nin yenileme \u00e7al\u0131\u015fmalar\u0131n\u0131 s\u00fcrd\u00fcrd\u00fc\u011f\u00fc Bal\u0131k\u00e7\u0131lar Kahvesi\u2019nin Arya A.\u015e taraf\u0131ndan i\u015fletilmesi konusu da karara ba\u011fland\u0131. Konu ile ilgili a\u00e7\u0131klama yapan Ba\u015fkan \u00d6mer G\u00fcnel, uzun y\u0131llard\u0131r Ku\u015fadas\u0131 Su \u00dcr\u00fcnleri Kooperatifi taraf\u0131ndan alt kirac\u0131lar yoluyla i\u015fletilen Bal\u0131k\u00e7\u0131lar Kahvesi\u2019ni modern bir tesis olarak kente yeniden kazand\u0131rmak \u00fczere \u00e7al\u0131\u015fmalar\u0131n s\u00fcrd\u00fc\u011f\u00fcn\u00fc belirtti.<\/p>\n<p>Ku\u015fadas\u0131 Belediyesi\u2019nin ne Ku\u015fadas\u0131 Su \u00dcr\u00fcnleri Kooperatifi, ne de bal\u0131k\u00e7\u0131 esnaf\u0131 ile herhangi bir sorunu ya da husumeti bulunmad\u0131\u011f\u0131n\u0131n alt\u0131n\u0131 bir kez daha \u00e7izen Ba\u015fkan \u00d6mer G\u00fcnel &#8220;Bal\u0131k\u00e7\u0131 esnaf\u0131m\u0131z bizim i\u00e7in \u00e7ok de\u011ferli ve onlar\u0131 seviyoruz. Bug\u00fcne kadar da gerek malzeme deste\u011fi sa\u011flanmas\u0131, gerekse de bal\u0131k\u00e7\u0131 bar\u0131na\u011f\u0131n\u0131n fiziki \u015fartlar\u0131n\u0131n d\u00fczeltilmesi gibi konularda her zaman yanlar\u0131nda olduk, olmaya da devam edece\u011fiz. Bug\u00fcne kadar Bal\u0131k\u00e7\u0131lar Kahvesi\u2019ni alt kirac\u0131lar yoluyla i\u015fleterek gelir elde eden Kooperatif y\u00f6netimi, birilerinin y\u00f6nlendirmesi ile Bal\u0131k\u00e7\u0131lar Kahvesi\u2019ni kente kazand\u0131rmam\u0131z\u0131 3 y\u0131ld\u0131r engelledi. Ancak bana de\u011fil, Ku\u015fadas\u0131\u2019na kaybettirdi.  Bal\u0131k\u00e7\u0131lar Kahvesi kimsenin \u015fahsi mal\u0131 de\u011fildir. Ku\u015fadas\u0131\u2019na ve Ku\u015fadal\u0131lara aittir&#8221; diye konu\u015ftu.<\/p>\n<p>Meclis toplant\u0131s\u0131nda, kent tan\u0131t\u0131m\u0131 i\u00e7in b\u00fcy\u00fck \u00f6nem ta\u015f\u0131yan turizm fuarlar\u0131na kat\u0131l\u0131m konusu da g\u00f6r\u00fc\u015f\u00fclerek 19-21 \u015eubat tarihleri aras\u0131nda S\u0131rbistan\u2019da d\u00fczenlenecek olan Uluslararas\u0131 Belgrad Turizm Fuar\u0131 ile Mart ay\u0131nda Almanya\u2019n\u0131n ba\u015fkenti Berlin\u2019de ger\u00e7ekle\u015fecek ITB Berlin Fuar\u0131\u2019na kat\u0131l\u0131m karar\u0131 al\u0131nd\u0131.<\/p>\n<p>Toplant\u0131da &#8220;Gelece\u011fin Sporcular\u0131n\u0131 Yeti\u015ftiriyoruz&#8221; slogan\u0131 ile a\u00e7t\u0131\u011f\u0131 spor okullar\u0131nda farkl\u0131 ya\u015f gruplar\u0131ndan \u00e7ocuk ve kad\u0131nlar\u0131 sporun farkl\u0131 dallar\u0131 ile bulu\u015fturan Ku\u015fadas\u0131 Belediye Spor Kul\u00fcb\u00fc\u2019ne 3 milyon 500 bin TL nakdi yard\u0131m yap\u0131lmas\u0131 konusun karara ba\u011fland\u0131. \u00d6te yandan Ku\u015fadas\u0131 E\u011fitim ve Geli\u015ftirme Vakf\u0131\u2019na (KEGEV) ba\u011fl\u0131 Naci Akdo\u011fan Koleji Spor K\u00fclt\u00fcr Kompleksi\u2019nin, Ku\u015fadas\u0131 Belediyesi taraf\u0131ndan d\u00fczenlenecek k\u00fclt\u00fcr, sanat ve spor aktivitelerine ev sahipli\u011fi yapmaya devam edebilmesi i\u00e7in kira s\u00fcresinin uzat\u0131lmas\u0131 karar\u0131 al\u0131nd\u0131.<\/p>\n<p>Toplant\u0131da g\u00fcndeme gelen bir di\u011fer konu ise 11-13 Ekim tarihleri aras\u0131nda Ku\u015fadas\u0131 Belediyesi ile Ku\u015fadas\u0131 Alt\u0131n G\u00fcvercin K\u00fclt\u00fcr Sanat ve Tan\u0131t\u0131m Vakf\u0131 (KUSAV) taraf\u0131ndan d\u00fczenlenen 3. Sokak Festivali\u2019nin tad\u0131m noktalar\u0131ndan elde edilen 267 bin TL\u2019lik gelirin, 29 Haziran\u2019da Ku\u015fadas\u0131\u2019n\u0131 da i\u00e7ine alan b\u00f6lgede meydana gelen orman yang\u0131n\u0131nda zarar g\u00f6ren alan\u0131n yeniden a\u011fa\u00e7land\u0131r\u0131lmas\u0131 i\u00e7in kullan\u0131lmas\u0131 oldu. Orman B\u00f6lge M\u00fcd\u00fcrl\u00fc\u011f\u00fcn\u00fcn hen\u00fcz Ku\u015fadas\u0131 s\u0131n\u0131rlar\u0131 i\u00e7erisinde kalan b\u00f6lgenin a\u011fa\u00e7land\u0131rma \u00e7al\u0131\u015fmalar\u0131na ba\u015flamad\u0131\u011f\u0131n\u0131 ve bu nedenle de konu ile ilgili ba\u011f\u0131\u015f kabul etmedi\u011fini ifade eden Ba\u015fkan \u00d6mer G\u00fcnel, &#8220;\u00c7al\u0131\u015fma ba\u015flar ba\u015flamaz Sokak Festivalinden elde etti\u011fimiz geliri a\u011fa\u00e7land\u0131rma \u00e7al\u0131\u015fmalar\u0131na aktaraca\u011f\u0131z&#8221; dedi.<\/p>\n<p>Toplant\u0131n\u0131n ard\u0131ndan Ku\u015fadas\u0131 Belediye Ba\u015fkan\u0131 \u00d6mer G\u00fcnel, belediye meclis \u00fcyeleri ve toplant\u0131y\u0131 izlemek \u00fczere gelen heh\u015fehrileri ile birlikte Davutlar Mahallesi \u0130brahim Saka Park\u0131\u2019n\u0131n i\u00e7erisinde yap\u0131m\u0131 s\u00fcrmekte olan \u0130kinci Bahar ve Gen\u00e7lik Merkezi binas\u0131n\u0131 ziyaret etti. Merkezin k\u0131sa s\u00fcre i\u00e7ersisinde tamamlanaca\u011f\u0131n\u0131 ifade eden Ba\u015fkan \u00d6mer G\u00fcnel, &#8220;\u0130\u00e7erisinde kafeterya, kitap kafe, dinlenme alanlar\u0131 gibi pek \u00e7ok b\u00f6l\u00fcm\u00fcn bulunaca\u011f\u0131 merkezimiz, sunaca\u011f\u0131 \u00fccretsiz hizmetlerle hem emekli hem de gen\u00e7 hem\u015fehrilerimize y\u0131l boyunca sosyalle\u015fme imk\u00e2n\u0131 sa\u011flayacak&#8221; dedi.<br \/><\/p>\n","protected":false},"excerpt":{"rendered":"<p>Ku\u015fadas\u0131 Belediye Meclisi \u015eubat ay\u0131 ola\u011fan toplant\u0131s\u0131, Belediye Ba\u015fkan\u0131 \u00d6mer G\u00fcnel y\u00f6netiminde Davutlar Mahallesi Hizmet Binas\u0131 Toplant\u0131 Salonunda yap\u0131ld\u0131. M\u00fcd\u00fcrl\u00fcklerden gelen ve komisyonlara havale edilen konular\u0131n g\u00f6r\u00fc\u015f\u00fcld\u00fc\u011f\u00fc toplant\u0131da kent ile ilgili \u00f6nemli kararlar al\u0131nd\u0131. Ku\u015fadas\u0131 Belediye Meclisi \u015eubat ay\u0131 toplant\u0131s\u0131, Ku\u015fadas\u0131 Belediyesi\u2019nin de \u00fcyesi oldu\u011fu, Bar\u0131\u015f i\u00e7in Belediye Ba\u015fkanlar\u0131 Platformu (Mayors for Peace) taraf\u0131ndan her&#8230;<\/p>\n","protected":false},"author":1,"featured_media":15105,"comment_status":"open","ping_status":"open","sticky":false,"template":"","format":"standard","meta":{"_crdt_document":"","footnotes":""},"categories":[127],"tags":[],"class_list":["post-15104","post","type-post","status-publish","format-standard","has-post-thumbnail","hentry","category-siyaset"],"_links":{"self":[{"href":"https:\/\/www.egemtv.com\/index.php?rest_route=\/wp\/v2\/posts\/15104","targetHints":{"allow":["GET"]}}],"collection":[{"href":"https:\/\/www.egemtv.com\/index.php?rest_route=\/wp\/v2\/posts"}],"about":[{"href":"https:\/\/www.egemtv.com\/index.php?rest_route=\/wp\/v2\/types\/post"}],"author":[{"embeddable":true,"href":"https:\/\/www.egemtv.com\/index.php?rest_route=\/wp\/v2\/users\/1"}],"replies":[{"embeddable":true,"href":"https:\/\/www.egemtv.com\/index.php?rest_route=%2Fwp%2Fv2%2Fcomments&post=15104"}],"version-history":[{"count":1,"href":"https:\/\/www.egemtv.com\/index.php?rest_route=\/wp\/v2\/posts\/15104\/revisions"}],"predecessor-version":[{"id":15106,"href":"https:\/\/www.egemtv.com\/index.php?rest_route=\/wp\/v2\/posts\/15104\/revisions\/15106"}],"wp:featuredmedia":[{"embeddable":true,"href":"https:\/\/www.egemtv.com\/index.php?rest_route=\/wp\/v2\/media\/15105"}],"wp:attachment":[{"href":"https:\/\/www.egemtv.com\/index.php?rest_route=%2Fwp%2Fv2%2Fmedia&parent=15104"}],"wp:term":[{"taxonomy":"category","embeddable":true,"href":"https:\/\/www.egemtv.com\/index.php?rest_route=%2Fwp%2Fv2%2Fcategories&post=15104"},{"taxonomy":"post_tag","embeddable":true,"href":"https:\/\/www.egemtv.com\/index.php?rest_route=%2Fwp%2Fv2%2Ftags&post=15104"}],"curies":[{"name":"wp","href":"https:\/\/api.w.org\/{rel}","templated":true}]}}