{"id":15101,"date":"2025-02-03T21:01:09","date_gmt":"2025-02-03T18:01:09","guid":{"rendered":"https:\/\/www.egemtv.com\/?p=15101"},"modified":"2025-02-03T21:01:15","modified_gmt":"2025-02-03T18:01:15","slug":"okullarin-acildigi-ilk-gun-42-okul-servisi-ve-surucusune-ceza-kesildi","status":"publish","type":"post","link":"https:\/\/www.egemtv.com\/?p=15101","title":{"rendered":"Okullar\u0131n a\u00e7\u0131ld\u0131\u011f\u0131 ilk g\u00fcn 42 okul servisi ve s\u00fcr\u00fcc\u00fcs\u00fcne ceza kesildi"},"content":{"rendered":"<p>Manisa \u0130l Jandarma Komutanl\u0131\u011f\u0131 ekipleri taraf\u0131ndan il genelinde okul servis ara\u00e7lar\u0131na y\u00f6nelik yap\u0131lan denetimlerde 42 ara\u00e7 ve s\u00fcr\u00fcc\u00fcs\u00fcne cezai i\u015flem uygulan\u0131rken 9 arac\u0131n da trafikten men edildi\u011fi bildirildi.<br \/>\n<br \/>Manisa \u0130l Jandarma Komutanl\u0131\u011f\u0131 emrinde g\u00f6revli Trafik Jandarmas\u0131 Timlerince \u00f6\u011frenci ta\u015f\u0131yan okul servis ara\u00e7lar\u0131n\u0131n huzur ve g\u00fcven i\u00e7erisinde okullara gidi\u015f ve geli\u015flerini sa\u011flamak amac\u0131yla, Manisa il genelinde e\u015f zamanl\u0131 olarak okul servis ara\u00e7 ve \u015fof\u00f6rlerine y\u00f6nelik \u00f6zel denetim ger\u00e7ekle\u015ftirildi. Yap\u0131lan denetime 27 Jandarma trafik timi ve 63 personelin kat\u0131ld\u0131\u011f\u0131 bildirildi. Denetimlerde 139 okul servis arac\u0131 ve \u015fof\u00f6r\u00fcn\u00fcn kontrol edildi\u011fi, 42 ara\u00e7 ve s\u00fcr\u00fcc\u00fcs\u00fcne trafik idari para cezas\u0131 d\u00fczenlendi\u011fi ve 9 arac\u0131n da trafikten men edildi\u011fi a\u00e7\u0131kland\u0131.<br \/><\/p>\n","protected":false},"excerpt":{"rendered":"<p>Manisa \u0130l Jandarma Komutanl\u0131\u011f\u0131 ekipleri taraf\u0131ndan il genelinde okul servis ara\u00e7lar\u0131na y\u00f6nelik yap\u0131lan denetimlerde 42 ara\u00e7 ve s\u00fcr\u00fcc\u00fcs\u00fcne cezai i\u015flem uygulan\u0131rken 9 arac\u0131n da trafikten men edildi\u011fi bildirildi. Manisa \u0130l Jandarma Komutanl\u0131\u011f\u0131 emrinde g\u00f6revli Trafik Jandarmas\u0131 Timlerince \u00f6\u011frenci ta\u015f\u0131yan okul servis ara\u00e7lar\u0131n\u0131n huzur ve g\u00fcven i\u00e7erisinde okullara gidi\u015f ve geli\u015flerini sa\u011flamak amac\u0131yla, Manisa il genelinde&#8230;<\/p>\n","protected":false},"author":1,"featured_media":15102,"comment_status":"open","ping_status":"open","sticky":false,"template":"","format":"standard","meta":{"_crdt_document":"","footnotes":""},"categories":[5],"tags":[],"class_list":["post-15101","post","type-post","status-publish","format-standard","has-post-thumbnail","hentry","category-asayis"],"_links":{"self":[{"href":"https:\/\/www.egemtv.com\/index.php?rest_route=\/wp\/v2\/posts\/15101","targetHints":{"allow":["GET"]}}],"collection":[{"href":"https:\/\/www.egemtv.com\/index.php?rest_route=\/wp\/v2\/posts"}],"about":[{"href":"https:\/\/www.egemtv.com\/index.php?rest_route=\/wp\/v2\/types\/post"}],"author":[{"embeddable":true,"href":"https:\/\/www.egemtv.com\/index.php?rest_route=\/wp\/v2\/users\/1"}],"replies":[{"embeddable":true,"href":"https:\/\/www.egemtv.com\/index.php?rest_route=%2Fwp%2Fv2%2Fcomments&post=15101"}],"version-history":[{"count":1,"href":"https:\/\/www.egemtv.com\/index.php?rest_route=\/wp\/v2\/posts\/15101\/revisions"}],"predecessor-version":[{"id":15103,"href":"https:\/\/www.egemtv.com\/index.php?rest_route=\/wp\/v2\/posts\/15101\/revisions\/15103"}],"wp:featuredmedia":[{"embeddable":true,"href":"https:\/\/www.egemtv.com\/index.php?rest_route=\/wp\/v2\/media\/15102"}],"wp:attachment":[{"href":"https:\/\/www.egemtv.com\/index.php?rest_route=%2Fwp%2Fv2%2Fmedia&parent=15101"}],"wp:term":[{"taxonomy":"category","embeddable":true,"href":"https:\/\/www.egemtv.com\/index.php?rest_route=%2Fwp%2Fv2%2Fcategories&post=15101"},{"taxonomy":"post_tag","embeddable":true,"href":"https:\/\/www.egemtv.com\/index.php?rest_route=%2Fwp%2Fv2%2Ftags&post=15101"}],"curies":[{"name":"wp","href":"https:\/\/api.w.org\/{rel}","templated":true}]}}