{"id":15094,"date":"2025-02-03T20:56:15","date_gmt":"2025-02-03T17:56:15","guid":{"rendered":"https:\/\/www.egemtv.com\/?p=15094"},"modified":"2025-02-03T20:56:22","modified_gmt":"2025-02-03T17:56:22","slug":"stratonikeia-gladyatorleri-belgeseli-muglada-izleyiciyle-bulustu","status":"publish","type":"post","link":"https:\/\/www.egemtv.com\/?p=15094","title":{"rendered":"Stratonikeia Gladyat\u00f6rleri belgeseli Mu\u011fla\u2019da izleyiciyle bulu\u015ftu"},"content":{"rendered":"<p>Mu\u011fla B\u00fcy\u00fck\u015fehir Belediyesi taraf\u0131ndan haz\u0131rlanan Stratonikeia Gladyat\u00f6rleri belgeselinin gala g\u00f6sterimi, Gazi Mustafa Kemal Atat\u00fcrk K\u00fclt\u00fcr Merkezi\u2019nde ger\u00e7ekle\u015ftirildi. G\u00f6sterim \u00f6ncesinde, T\u00fcrkiye\u2019nin \u00f6nde gelen akademisyenlerinden Prof. Dr. \u0130lber Ortayl\u0131 ve Prof. Dr. Celal \u015eeng\u00f6r, Mu\u011fla\u2019n\u0131n Yata\u011fan il\u00e7esinde bulunan Stratonikeia Antik Kenti\u2019ni ziyaret etti.<\/p>\n<p>Antik kent gezisinin ard\u0131ndan gala etkinli\u011fine kat\u0131lan Ortayl\u0131 ve \u015eeng\u00f6r, s\u00f6yle\u015fi ger\u00e7ekle\u015ftirdi. Etkinlikte konu\u015fan Mente\u015fe Belediye Ba\u015fkan\u0131 Gonca K\u00f6ksal , Stratonikeia\u2019n\u0131n tarihi ve k\u00fclt\u00fcrel \u00f6nemine vurgu yaparak, \u015funlar\u0131 s\u00f6yledi: &#8220;Bug\u00fcn Mu\u011fla\u2019n\u0131n i\u00e7erdi\u011fi, Mente\u015fe\u2019de sizi a\u011f\u0131rlamak bizim i\u00e7in b\u00fcy\u00fck bir onur. Stratonikeia, antik \u00e7a\u011flardan bu yana bir\u00e7ok uygarl\u0131\u011fa ev sahipli\u011fi yapm\u0131\u015f, ta\u015flar\u0131n yaln\u0131zca ta\u015f yoktu, onun s\u00fctununun ayr\u0131 bir hik\u00e2yenin anlat\u0131ld\u0131\u011f\u0131 kadim bir kent. A\u015fk\u0131n, m\u00fccadelenin, felsefenin , inanc\u0131n, sava\u015f\u0131n ve bar\u0131\u015f\u0131n i\u00e7 i\u00e7e ge\u00e7erek bu antik \u00fcretimini koruyarak, insanl\u0131\u011f\u0131n hik\u00e2yesine \u0131\u015f\u0131k tutmak bizim i\u00e7in b\u00fcy\u00fck bir mutluluk&#8221;dedi.<\/p>\n<p>Mu\u011fla B\u00fcy\u00fck\u015fehir Belediye Ba\u015fkan\u0131 Ahmet Aras ise ortaya \u00e7\u0131kan \u00e7\u0131k\u0131\u015f s\u00fcrecini anlat\u0131rken, \u015fu ifadeleri kulland\u0131:&#8221; Bug\u00fcn Stratonikeia\u2019y\u0131 teknolojiyle bulu\u015fturuyoruz. Proje fikri ilk olarak Yata\u011fan Belediye Ba\u015fkan\u0131m\u0131za iletilmi\u015f, ard\u0131ndan Ticaret Odas\u0131\u2019na ta\u015f\u0131nm\u0131\u015f. Ticaret Odas\u0131 Ba\u015fkan\u0131m\u0131z ve Meclis Ba\u015fkan\u0131m\u0131z\u0131n y\u00f6nlendirmesiyle birlikte ula\u015ft\u0131r\u0131ld\u0131. Zaten Bilal Hoca ile bu konuda g\u00f6r\u00fc\u015fmelerimiz vard\u0131 ve bu projeye tam destek verme karar\u0131 ald\u0131k Say\u0131n Valimiz de s\u00fcrece katk\u0131 sa\u011flad\u0131. Mu\u011fla Tan\u0131t\u0131m ve K\u00fclt\u00fcrel Daire Ba\u015fkanl\u0131\u011f\u0131\u2019n\u0131n da sahiplenmesiyle bug\u00fcn bu projeyi ya\u015faman\u0131n gururunu ya\u015fad\u0131k&#8221;diye konu\u015ftu.<br \/><\/p>\n","protected":false},"excerpt":{"rendered":"<p>Mu\u011fla B\u00fcy\u00fck\u015fehir Belediyesi taraf\u0131ndan haz\u0131rlanan Stratonikeia Gladyat\u00f6rleri belgeselinin gala g\u00f6sterimi, Gazi Mustafa Kemal Atat\u00fcrk K\u00fclt\u00fcr Merkezi\u2019nde ger\u00e7ekle\u015ftirildi. G\u00f6sterim \u00f6ncesinde, T\u00fcrkiye\u2019nin \u00f6nde gelen akademisyenlerinden Prof. Dr. \u0130lber Ortayl\u0131 ve Prof. Dr. Celal \u015eeng\u00f6r, Mu\u011fla\u2019n\u0131n Yata\u011fan il\u00e7esinde bulunan Stratonikeia Antik Kenti\u2019ni ziyaret etti. Antik kent gezisinin ard\u0131ndan gala etkinli\u011fine kat\u0131lan Ortayl\u0131 ve \u015eeng\u00f6r, s\u00f6yle\u015fi ger\u00e7ekle\u015ftirdi. Etkinlikte konu\u015fan&#8230;<\/p>\n","protected":false},"author":1,"featured_media":15095,"comment_status":"open","ping_status":"open","sticky":false,"template":"","format":"standard","meta":{"_crdt_document":"","footnotes":""},"categories":[1],"tags":[],"class_list":["post-15094","post","type-post","status-publish","format-standard","has-post-thumbnail","hentry","category-guncel"],"_links":{"self":[{"href":"https:\/\/www.egemtv.com\/index.php?rest_route=\/wp\/v2\/posts\/15094","targetHints":{"allow":["GET"]}}],"collection":[{"href":"https:\/\/www.egemtv.com\/index.php?rest_route=\/wp\/v2\/posts"}],"about":[{"href":"https:\/\/www.egemtv.com\/index.php?rest_route=\/wp\/v2\/types\/post"}],"author":[{"embeddable":true,"href":"https:\/\/www.egemtv.com\/index.php?rest_route=\/wp\/v2\/users\/1"}],"replies":[{"embeddable":true,"href":"https:\/\/www.egemtv.com\/index.php?rest_route=%2Fwp%2Fv2%2Fcomments&post=15094"}],"version-history":[{"count":1,"href":"https:\/\/www.egemtv.com\/index.php?rest_route=\/wp\/v2\/posts\/15094\/revisions"}],"predecessor-version":[{"id":15099,"href":"https:\/\/www.egemtv.com\/index.php?rest_route=\/wp\/v2\/posts\/15094\/revisions\/15099"}],"wp:featuredmedia":[{"embeddable":true,"href":"https:\/\/www.egemtv.com\/index.php?rest_route=\/wp\/v2\/media\/15095"}],"wp:attachment":[{"href":"https:\/\/www.egemtv.com\/index.php?rest_route=%2Fwp%2Fv2%2Fmedia&parent=15094"}],"wp:term":[{"taxonomy":"category","embeddable":true,"href":"https:\/\/www.egemtv.com\/index.php?rest_route=%2Fwp%2Fv2%2Fcategories&post=15094"},{"taxonomy":"post_tag","embeddable":true,"href":"https:\/\/www.egemtv.com\/index.php?rest_route=%2Fwp%2Fv2%2Ftags&post=15094"}],"curies":[{"name":"wp","href":"https:\/\/api.w.org\/{rel}","templated":true}]}}