{"id":15086,"date":"2025-02-03T19:49:54","date_gmt":"2025-02-03T16:49:54","guid":{"rendered":"https:\/\/www.egemtv.com\/?p=15086"},"modified":"2025-02-03T19:49:59","modified_gmt":"2025-02-03T16:49:59","slug":"milastaki-esnaf-cinayetinde-sir-perdesi-aralaniyor","status":"publish","type":"post","link":"https:\/\/www.egemtv.com\/?p=15086","title":{"rendered":"Milas\u2019taki esnaf cinayetinde s\u0131r perdesi aralan\u0131yor"},"content":{"rendered":"<p>Mu\u011fla\u2019n\u0131n Milas il\u00e7esinde bir esnaf\u0131n b\u0131\u00e7aklanm\u0131\u015f halde sandalyede \u00f6l\u00fc bulunmas\u0131yla ilgili 17 ya\u015f\u0131ndaki bir kad\u0131n g\u00f6zalt\u0131na al\u0131nd\u0131.<br \/>\n<br \/>Olay, Milas il\u00e7e merkezi Cumhuriyet Caddesi\u2019nde d\u00fcn sabah saatlerinde meydana geldi. Edinilen bilgiye g\u00f6re, sokaktan ge\u00e7en vatanda\u015flar e\u011flence mekanlar\u0131n\u0131n oldu\u011fu sokaktaki sandalyede bir ki\u015finin hareketsiz \u015fekilde oturdu\u011funu fark etti. Durumdan \u015f\u00fcphelenen vatanda\u015flar, 112 Acil \u00c7a\u011fr\u0131 Merkezi\u2019ni arad\u0131. \u0130hbar \u00fczerine b\u00f6lgeye sa\u011fl\u0131k ve polis ekipleri sevk edildi. K\u0131sa s\u00fcrede olay yerine gelen sa\u011fl\u0131k ekipleri, \u015fahs\u0131n hayat\u0131n\u0131 kaybetti\u011fini belirledi. B\u0131\u00e7akland\u0131\u011f\u0131 ve a\u015f\u0131r\u0131 kan kaybetti\u011fi belirlenen \u015fahs\u0131n Milas\u2019ta manavl\u0131k yapan Halil \u0130brahim Mercan (48) oldu\u011fu tespit edildi.<br \/>\n<br \/>Cinayetle ilgili \u00e7al\u0131\u015fma ba\u015flatan polis ekipleri, b\u00f6lgedeki t\u00fcm g\u00fcvenlik kameralar\u0131n\u0131 incelemeye ald\u0131. Y\u00fczlerce saatlik g\u00fcvenlik kameras\u0131 kayd\u0131n\u0131 inceleyen polis, olay\u0131n\u0131n \u015f\u00fcphelisinin 17 ya\u015f\u0131ndaki B.\u00d6. isimli kad\u0131n oldu\u011funu tespit etti. G\u00fcvenlik kameralar\u0131na yans\u0131yan g\u00f6r\u00fcnt\u00fclerde, olay yerine gayet sakin bir \u015fekilde gelen B.\u00d6.\u2019n\u00fcn sokakta oturmakta olan Mercan\u2019\u0131 defalarca b\u0131\u00e7aklad\u0131ktan sonra geldi\u011fi y\u00f6ne do\u011fru geri d\u00f6n\u00fcp h\u0131zla olay yerinden uzakla\u015ft\u0131\u011f\u0131 g\u00f6r\u00fcld\u00fc. Olayla ilgili soru\u015fturma s\u00fcr\u00fcyor.<br \/><\/p>\n","protected":false},"excerpt":{"rendered":"<p>Mu\u011fla\u2019n\u0131n Milas il\u00e7esinde bir esnaf\u0131n b\u0131\u00e7aklanm\u0131\u015f halde sandalyede \u00f6l\u00fc bulunmas\u0131yla ilgili 17 ya\u015f\u0131ndaki bir kad\u0131n g\u00f6zalt\u0131na al\u0131nd\u0131. Olay, Milas il\u00e7e merkezi Cumhuriyet Caddesi\u2019nde d\u00fcn sabah saatlerinde meydana geldi. Edinilen bilgiye g\u00f6re, sokaktan ge\u00e7en vatanda\u015flar e\u011flence mekanlar\u0131n\u0131n oldu\u011fu sokaktaki sandalyede bir ki\u015finin hareketsiz \u015fekilde oturdu\u011funu fark etti. Durumdan \u015f\u00fcphelenen vatanda\u015flar, 112 Acil \u00c7a\u011fr\u0131 Merkezi\u2019ni arad\u0131. \u0130hbar&#8230;<\/p>\n","protected":false},"author":1,"featured_media":15087,"comment_status":"open","ping_status":"open","sticky":false,"template":"","format":"standard","meta":{"_crdt_document":"","footnotes":""},"categories":[5],"tags":[],"class_list":["post-15086","post","type-post","status-publish","format-standard","has-post-thumbnail","hentry","category-asayis"],"_links":{"self":[{"href":"https:\/\/www.egemtv.com\/index.php?rest_route=\/wp\/v2\/posts\/15086","targetHints":{"allow":["GET"]}}],"collection":[{"href":"https:\/\/www.egemtv.com\/index.php?rest_route=\/wp\/v2\/posts"}],"about":[{"href":"https:\/\/www.egemtv.com\/index.php?rest_route=\/wp\/v2\/types\/post"}],"author":[{"embeddable":true,"href":"https:\/\/www.egemtv.com\/index.php?rest_route=\/wp\/v2\/users\/1"}],"replies":[{"embeddable":true,"href":"https:\/\/www.egemtv.com\/index.php?rest_route=%2Fwp%2Fv2%2Fcomments&post=15086"}],"version-history":[{"count":1,"href":"https:\/\/www.egemtv.com\/index.php?rest_route=\/wp\/v2\/posts\/15086\/revisions"}],"predecessor-version":[{"id":15088,"href":"https:\/\/www.egemtv.com\/index.php?rest_route=\/wp\/v2\/posts\/15086\/revisions\/15088"}],"wp:featuredmedia":[{"embeddable":true,"href":"https:\/\/www.egemtv.com\/index.php?rest_route=\/wp\/v2\/media\/15087"}],"wp:attachment":[{"href":"https:\/\/www.egemtv.com\/index.php?rest_route=%2Fwp%2Fv2%2Fmedia&parent=15086"}],"wp:term":[{"taxonomy":"category","embeddable":true,"href":"https:\/\/www.egemtv.com\/index.php?rest_route=%2Fwp%2Fv2%2Fcategories&post=15086"},{"taxonomy":"post_tag","embeddable":true,"href":"https:\/\/www.egemtv.com\/index.php?rest_route=%2Fwp%2Fv2%2Ftags&post=15086"}],"curies":[{"name":"wp","href":"https:\/\/api.w.org\/{rel}","templated":true}]}}