{"id":15080,"date":"2025-02-03T18:52:15","date_gmt":"2025-02-03T15:52:15","guid":{"rendered":"https:\/\/www.egemtv.com\/?p=15080"},"modified":"2025-02-03T18:52:18","modified_gmt":"2025-02-03T15:52:18","slug":"ispartada-2-katli-mustakil-evde-yangin","status":"publish","type":"post","link":"https:\/\/www.egemtv.com\/?p=15080","title":{"rendered":"Isparta\u2019da 2 katl\u0131 m\u00fcstakil evde yang\u0131n"},"content":{"rendered":"<p>Isparta\u2019n\u0131n Yalva\u00e7 il\u00e7esine ba\u011fl\u0131 Ey\u00fcpler k\u00f6y\u00fcnde 2 katl\u0131 m\u00fcstakil ev, \u00e7\u0131kan yang\u0131nda kullan\u0131lamaz hale geldi.<br \/>\n<br \/>Yang\u0131n, ak\u015fam saatlerinde Yalva\u00e7 il\u00e7esi Eyupler k\u00f6y\u00fcnde meydana geldi. Edinilen bilgiye g\u00f6re, \u0130smail Kara\u2019ya ait 2 katl\u0131 m\u00fcstakil evin \u00fcst kat\u0131nda yang\u0131n \u00e7\u0131kt\u0131. Dumanlar\u0131n y\u00fckseldi\u011fini g\u00f6ren vatanda\u015flar\u0131n ihbar\u0131 \u00fczerine b\u00f6lgeye jandarma ve itfaiye ekipleri sevk edildi. Olay yerine gelen itfaiye ekiplerinin m\u00fcdahalesi sonucu yang\u0131n k\u0131sa s\u00fcrede kontrol alt\u0131na al\u0131nd\u0131. Yang\u0131nda 2 katl\u0131 ev tamamen yanarak kullan\u0131lamaz hale geldi.<br \/><\/p>\n","protected":false},"excerpt":{"rendered":"<p>Isparta\u2019n\u0131n Yalva\u00e7 il\u00e7esine ba\u011fl\u0131 Ey\u00fcpler k\u00f6y\u00fcnde 2 katl\u0131 m\u00fcstakil ev, \u00e7\u0131kan yang\u0131nda kullan\u0131lamaz hale geldi. Yang\u0131n, ak\u015fam saatlerinde Yalva\u00e7 il\u00e7esi Eyupler k\u00f6y\u00fcnde meydana geldi. Edinilen bilgiye g\u00f6re, \u0130smail Kara\u2019ya ait 2 katl\u0131 m\u00fcstakil evin \u00fcst kat\u0131nda yang\u0131n \u00e7\u0131kt\u0131. Dumanlar\u0131n y\u00fckseldi\u011fini g\u00f6ren vatanda\u015flar\u0131n ihbar\u0131 \u00fczerine b\u00f6lgeye jandarma ve itfaiye ekipleri sevk edildi. Olay yerine gelen itfaiye&#8230;<\/p>\n","protected":false},"author":1,"featured_media":15081,"comment_status":"open","ping_status":"open","sticky":false,"template":"","format":"standard","meta":{"_crdt_document":"","footnotes":""},"categories":[5],"tags":[],"class_list":["post-15080","post","type-post","status-publish","format-standard","has-post-thumbnail","hentry","category-asayis"],"_links":{"self":[{"href":"https:\/\/www.egemtv.com\/index.php?rest_route=\/wp\/v2\/posts\/15080","targetHints":{"allow":["GET"]}}],"collection":[{"href":"https:\/\/www.egemtv.com\/index.php?rest_route=\/wp\/v2\/posts"}],"about":[{"href":"https:\/\/www.egemtv.com\/index.php?rest_route=\/wp\/v2\/types\/post"}],"author":[{"embeddable":true,"href":"https:\/\/www.egemtv.com\/index.php?rest_route=\/wp\/v2\/users\/1"}],"replies":[{"embeddable":true,"href":"https:\/\/www.egemtv.com\/index.php?rest_route=%2Fwp%2Fv2%2Fcomments&post=15080"}],"version-history":[{"count":1,"href":"https:\/\/www.egemtv.com\/index.php?rest_route=\/wp\/v2\/posts\/15080\/revisions"}],"predecessor-version":[{"id":15082,"href":"https:\/\/www.egemtv.com\/index.php?rest_route=\/wp\/v2\/posts\/15080\/revisions\/15082"}],"wp:featuredmedia":[{"embeddable":true,"href":"https:\/\/www.egemtv.com\/index.php?rest_route=\/wp\/v2\/media\/15081"}],"wp:attachment":[{"href":"https:\/\/www.egemtv.com\/index.php?rest_route=%2Fwp%2Fv2%2Fmedia&parent=15080"}],"wp:term":[{"taxonomy":"category","embeddable":true,"href":"https:\/\/www.egemtv.com\/index.php?rest_route=%2Fwp%2Fv2%2Fcategories&post=15080"},{"taxonomy":"post_tag","embeddable":true,"href":"https:\/\/www.egemtv.com\/index.php?rest_route=%2Fwp%2Fv2%2Ftags&post=15080"}],"curies":[{"name":"wp","href":"https:\/\/api.w.org\/{rel}","templated":true}]}}