{"id":15077,"date":"2025-02-03T18:25:38","date_gmt":"2025-02-03T15:25:38","guid":{"rendered":"https:\/\/www.egemtv.com\/?p=15077"},"modified":"2025-02-03T18:25:44","modified_gmt":"2025-02-03T15:25:44","slug":"baskan-zeyrek-tegmenlerimizin-her-zaman-yanindayiz","status":"publish","type":"post","link":"https:\/\/www.egemtv.com\/?p=15077","title":{"rendered":"Ba\u015fkan Zeyrek: &#8220;Te\u011fmenlerimizin her zaman yan\u0131nday\u0131z&#8221;"},"content":{"rendered":"<p>Cumhuriyet Halk Partisi (CHP) Genel Ba\u015fkan\u0131 \u00d6zg\u00fcr \u00d6zel\u2019in T\u00fcrk Silahl\u0131 Kuvvetleri\u2019nden ihra\u00e7 edilen be\u015f te\u011fmene hukuki ve manevi destek sa\u011flanaca\u011f\u0131 y\u00f6n\u00fcndeki a\u00e7\u0131klamalar\u0131na memleketi Manisa\u2019dan destek geldi. Manisa B\u00fcy\u00fck\u015fehir Belediye Ba\u015fkan\u0131 Ferdi Zeyrek, sosyal medya hesab\u0131ndan yapt\u0131\u011f\u0131 a\u00e7\u0131klamada te\u011fmenlerin sadece &#8220;Mustafa Kemal\u2019in askerleriyiz&#8221; dedikleri i\u00e7in ihra\u00e7 edilmesinin siyasi bir tav\u0131r oldu\u011funu belirterek, &#8220;Manisa halk\u0131 ve Manisa B\u00fcy\u00fck\u015fehir Belediyesi olarak gen\u00e7 te\u011fmenlerimizin her zaman yan\u0131nday\u0131z. Onlara g\u00f6n\u00fclden kucak a\u00e7\u0131yoruz ve Manisa\u2019m\u0131za davet ediyoruz&#8221; dedi.<br \/>\n<br \/>30 A\u011fustos 2024\u2019te Milli Savunma \u00dcniversitesi Kara Harp Okulu mezuniyet t\u00f6reninde &#8220;Mustafa Kemal\u2019in askerleriyiz&#8221; diyerek k\u0131l\u0131\u00e7 \u00e7ekip yemin eden ve haklar\u0131nda disiplin soru\u015fturmas\u0131 ba\u015flat\u0131lan 5 te\u011fmen ve s\u0131ral\u0131 3 amiri, TSK\u2019dan ihra\u00e7 edilmi\u015fti. Te\u011fmenler ve komutanlar\u0131n\u0131n emre itaatsizlik nedeniyle ihra\u00e7 edildi\u011fi a\u00e7\u0131klanm\u0131\u015ft\u0131. Bu kararla ilgili ilk tepki veren isim olan CHP Genel Ba\u015fkan\u0131 \u00d6zg\u00fcr \u00d6zel, te\u011fmenlere hukuki destek sa\u011flanaca\u011f\u0131n\u0131 belirterek, &#8220;\u00c7\u00fcnk\u00fc bir idari yarg\u0131 s\u00fcreci olacak d\u00f6nmeleri i\u00e7in. Devam\u0131nda e\u011fer kendilerini nerede g\u00f6rmek istiyorlarsa, o g\u00f6rmek istedikleri g\u00f6rev ba\u015f\u0131m\u0131z\u0131n \u00fcst\u00fcndedir, teminat\u0131 biziz. Ama kendilerini g\u00f6rev almak istedikleri yerde misafir kabul ediyoruz. \u00c7\u00fcnk\u00fc o g\u00f6rev yap\u0131lacak ilk genel se\u00e7ime kadar s\u00fcrecek. O genel se\u00e7imden sonra, bu 5 te\u011fmenimiz hi\u00e7bir kay\u0131plar\u0131 olmaks\u0131z\u0131n \u015fanl\u0131 \u00fcniformalar\u0131na ve g\u00f6revlerine, arkada\u015flar\u0131n\u0131n yan\u0131na d\u00f6necekler&#8221; demi\u015fti.<br \/>\n<br \/>\u00d6zel\u2019in &#8220;Kendilerini nerede g\u00f6rmek istiyorlarsa, o g\u00f6rmek istedikleri g\u00f6rev ba\u015f\u0131m\u0131z\u0131n \u00fcst\u00fcndedir&#8221; s\u00f6zlerine memleketi Manisa\u2019dan destek geldi. Manisa B\u00fcy\u00fck\u015fehir Belediye Ba\u015fkan\u0131 Ferdi Zeyrek, sosyal medya hesab\u0131ndan bir mesaj yay\u0131nlayarak, gen\u00e7 te\u011fmenlere g\u00f6n\u00fclden kucak a\u00e7t\u0131klar\u0131n\u0131, Atat\u00fcrk ve vatan sevgisinin te\u011fmenlerin ve komutanlar\u0131n\u0131n \u00fczerindeki \u00fcniformay\u0131 alarak bitirilemeyece\u011fini vurgulad\u0131. Zeyrek, &#8220;Y\u00fcre\u011fi vatan sevgisiyle dolu, ba\u015far\u0131l\u0131, p\u0131r\u0131l p\u0131r\u0131l te\u011fmenlerimiz, sadece \u2019Mustafa Kemal\u2019in askerleriyiz\u2019 dedikleri i\u00e7in T\u00fcrk Silahl\u0131 Kuvvetleri\u2019nden ihra\u00e7 edildiler. Y\u0131llard\u0131r s\u00fcrd\u00fcr\u00fclen bu gelene\u011fin disiplinsizlik bahanesi olarak kullan\u0131lmas\u0131, tamamen siyasi bir tav\u0131rd\u0131r. Bu tav\u0131r, ne insani, ne ahlaki, ne vicdani ne de hukukidir. Mustafa Kemal\u2019in askeri olmak, demokrasinin ve bar\u0131\u015f\u0131n yolunda y\u00fcr\u00fcmek, Cumhuriyetin de\u011ferlerine, vatan\u0131na ve milletine sahip \u00e7\u0131kmak demektir&#8221; dedi.<\/p>\n<p>&#8220;Onlara g\u00f6n\u00fclden kucak a\u00e7\u0131yoruz&#8221;<br \/>\n<br \/>Zeyrek, &#8220;Bundan rahats\u0131zl\u0131k duyanlar, neye kar\u015f\u0131 tav\u0131r koyduklar\u0131n\u0131 anlamal\u0131d\u0131rlar. Bizler, Gazi Mustafa Kemal Atat\u00fcrk\u2019\u00fcn askerleri olmaktan onur ve gurur duyuyoruz. Kand\u0131r\u0131ld\u0131\u011f\u0131n\u0131 itiraf edenlerin, yarg\u0131 ve hukuku kullanarak Atat\u00fcrk\u2019\u00fcn ad\u0131n\u0131 k\u0131\u015flalar\u0131m\u0131zdan silmek i\u00e7in gen\u00e7 te\u011fmenlerimizi ve komutanlar\u0131m\u0131z\u0131 kullanmas\u0131n\u0131 asla kabul etmiyoruz. Manisa halk\u0131 ve Manisa B\u00fcy\u00fck\u015fehir Belediyesi olarak gen\u00e7 te\u011fmenlerimizin her zaman yan\u0131nday\u0131z. Onlara g\u00f6n\u00fclden kucak a\u00e7\u0131yoruz ve Manisa\u2019m\u0131za davet ediyoruz&#8221; diyerek davette bulundu.<br \/>\n<br \/>Ba\u015fkan Zeyrek, &#8220;Te\u011fmenlerimizin ve komutanlar\u0131m\u0131z\u0131n \u00fczerindeki \u00fcniformay\u0131 alarak Atat\u00fcrk ve vatan sevgisini sona erdireceklerini sananlara Gazi Mustafa Kemal Atat\u00fcrk\u2019\u00fcn \u015fu s\u00f6z\u00fcyle cevap vermek istiyorum, \u2018Beni g\u00f6rmek demek, mutlaka y\u00fcz\u00fcm\u00fc g\u00f6rmek de\u011fildir. Benim fikirlerimi, benim duygular\u0131m\u0131 anl\u0131yorsan\u0131z ve hissediyorsan\u0131z bu yeterlidir\u2019 Bir kez daha vurguluyorum, bizler Mustafa Kemal\u2019in askerleriyiz&#8221; dedi.<br \/><\/p>\n","protected":false},"excerpt":{"rendered":"<p>Cumhuriyet Halk Partisi (CHP) Genel Ba\u015fkan\u0131 \u00d6zg\u00fcr \u00d6zel\u2019in T\u00fcrk Silahl\u0131 Kuvvetleri\u2019nden ihra\u00e7 edilen be\u015f te\u011fmene hukuki ve manevi destek sa\u011flanaca\u011f\u0131 y\u00f6n\u00fcndeki a\u00e7\u0131klamalar\u0131na memleketi Manisa\u2019dan destek geldi. Manisa B\u00fcy\u00fck\u015fehir Belediye Ba\u015fkan\u0131 Ferdi Zeyrek, sosyal medya hesab\u0131ndan yapt\u0131\u011f\u0131 a\u00e7\u0131klamada te\u011fmenlerin sadece &#8220;Mustafa Kemal\u2019in askerleriyiz&#8221; dedikleri i\u00e7in ihra\u00e7 edilmesinin siyasi bir tav\u0131r oldu\u011funu belirterek, &#8220;Manisa halk\u0131 ve Manisa&#8230;<\/p>\n","protected":false},"author":1,"featured_media":15078,"comment_status":"open","ping_status":"open","sticky":false,"template":"","format":"standard","meta":{"_crdt_document":"","footnotes":""},"categories":[1],"tags":[],"class_list":["post-15077","post","type-post","status-publish","format-standard","has-post-thumbnail","hentry","category-guncel"],"_links":{"self":[{"href":"https:\/\/www.egemtv.com\/index.php?rest_route=\/wp\/v2\/posts\/15077","targetHints":{"allow":["GET"]}}],"collection":[{"href":"https:\/\/www.egemtv.com\/index.php?rest_route=\/wp\/v2\/posts"}],"about":[{"href":"https:\/\/www.egemtv.com\/index.php?rest_route=\/wp\/v2\/types\/post"}],"author":[{"embeddable":true,"href":"https:\/\/www.egemtv.com\/index.php?rest_route=\/wp\/v2\/users\/1"}],"replies":[{"embeddable":true,"href":"https:\/\/www.egemtv.com\/index.php?rest_route=%2Fwp%2Fv2%2Fcomments&post=15077"}],"version-history":[{"count":1,"href":"https:\/\/www.egemtv.com\/index.php?rest_route=\/wp\/v2\/posts\/15077\/revisions"}],"predecessor-version":[{"id":15079,"href":"https:\/\/www.egemtv.com\/index.php?rest_route=\/wp\/v2\/posts\/15077\/revisions\/15079"}],"wp:featuredmedia":[{"embeddable":true,"href":"https:\/\/www.egemtv.com\/index.php?rest_route=\/wp\/v2\/media\/15078"}],"wp:attachment":[{"href":"https:\/\/www.egemtv.com\/index.php?rest_route=%2Fwp%2Fv2%2Fmedia&parent=15077"}],"wp:term":[{"taxonomy":"category","embeddable":true,"href":"https:\/\/www.egemtv.com\/index.php?rest_route=%2Fwp%2Fv2%2Fcategories&post=15077"},{"taxonomy":"post_tag","embeddable":true,"href":"https:\/\/www.egemtv.com\/index.php?rest_route=%2Fwp%2Fv2%2Ftags&post=15077"}],"curies":[{"name":"wp","href":"https:\/\/api.w.org\/{rel}","templated":true}]}}