{"id":15074,"date":"2025-02-03T18:10:21","date_gmt":"2025-02-03T15:10:21","guid":{"rendered":"https:\/\/www.egemtv.com\/?p=15074"},"modified":"2025-02-03T18:10:24","modified_gmt":"2025-02-03T15:10:24","slug":"kutahyada-il-genel-meclisi-subat-ayi-toplantilari-basladi","status":"publish","type":"post","link":"https:\/\/www.egemtv.com\/?p=15074","title":{"rendered":"K\u00fctahya\u2019da \u2019\u0130l Genel Meclisi \u015eubat Ay\u0131 Toplant\u0131lar\u0131\u2019 ba\u015flad\u0131"},"content":{"rendered":"<p>K\u00fctahya \u0130l Genel Meclisi\u2019nin \u015eubat ay\u0131 toplant\u0131lar\u0131, \u0130l \u00d6zel \u0130daresi toplant\u0131 salonunda \u0130l Genel Meclisi Ba\u015fkan\u0131 Muammer \u00d6zcura Ba\u015fkanl\u0131\u011f\u0131nda ba\u015flad\u0131. 9 \u015eubat 2023 tarihine kadar devam edecek olan oturumlar, yoklama ile a\u00e7\u0131ld\u0131.<br \/>\n<br \/>Toplant\u0131n\u0131n konuklar\u0131ndan Milliyet\u00e7i Hareket Partisi (MHP) K\u00fctahya Milletvekili Ahmet Erba\u015f, \u0130l Genel Meclis \u00fcyelerine hitaben bir konu\u015fma yapt\u0131. Konu\u015fmas\u0131nda, yol \u00e7al\u0131\u015fmalar\u0131 ve k\u0131rsal kalk\u0131nmaya dair \u00f6nemli de\u011ferlendirmelerde bulunan Erba\u015f, yol projelerinde y\u00fczde 88 oran\u0131nda tamamlanma sa\u011fland\u0131\u011f\u0131n\u0131 belirterek, hedeflerinin daha y\u00fcksek rakamlara ula\u015fmak oldu\u011funu ifade etti.<\/p>\n<p>&#8220;K\u00f6ylerimiz bo\u015fal\u0131yor, bu durum y\u00fcrek burkuyor&#8221;<br \/>\n<br \/>Pandemi sonras\u0131 artan maliyetlere dikkat \u00e7eken Erba\u015f, k\u00fcresel d\u00fczeyde ya\u015fanan hayat pahal\u0131l\u0131\u011f\u0131n\u0131n asfalt \u00e7al\u0131\u015fmalar\u0131n\u0131 da olumsuz etkiledi\u011fini belirtti. K\u00f6ylerden kente g\u00f6\u00e7 sorununun giderek b\u00fcy\u00fcd\u00fc\u011f\u00fcn\u00fc vurgulayan Erba\u015f, &#8220;Bu durum y\u00fcreklerimizi burkuyor. Bir \u015fekilde k\u00f6y ya\u015fam\u0131n\u0131 canland\u0131rmam\u0131z laz\u0131m&#8221; dedi.<br \/>\n<br \/>Meclis \u00fcyelerinin hizmet g\u00f6t\u00fcr\u00fcrken n\u00fcfus yo\u011funlu\u011funu dikkate almalar\u0131n\u0131n do\u011fal oldu\u011funu belirten Erba\u015f, &#8220;Meclis \u00fcyelerimizin ya\u015fad\u0131\u011f\u0131 zorluklar\u0131 yakinen biliyoruz. Allah hepinizin yard\u0131mc\u0131s\u0131 olsun&#8221; ifadelerini kulland\u0131.<\/p>\n<p>Su sorunu ve kurakl\u0131k uyar\u0131s\u0131<br \/>\n<br \/>K\u00fctahya\u2019daki su durumu hakk\u0131nda da bilgiler veren Erba\u015f, il genelinde ciddi bir su s\u0131k\u0131nt\u0131s\u0131 bulunmad\u0131\u011f\u0131n\u0131 ancak yaz aylar\u0131nda artan n\u00fcfusla birlikte baz\u0131 k\u00f6ylerde su sorunlar\u0131n\u0131n ya\u015fand\u0131\u011f\u0131n\u0131 s\u00f6yledi. Vah\u015fi sulama sistemlerinin bu sorunu derinle\u015ftirdi\u011fine dikkat \u00e7eken Erba\u015f, kurakl\u0131k tehlikesine de de\u011finerek, &#8220;\u00c7ok ciddi bir kurakl\u0131k ya\u015f\u0131yoruz. \u0130n\u015fallah bu y\u0131l yeterli ya\u011f\u0131\u015flar\u0131 \u00f6n\u00fcm\u00fczdeki g\u00fcnlerde alabiliriz&#8221; diye konu\u015ftu.<br \/>\n<br \/>K\u00fctahya \u0130l Genel Meclisi\u2019nde sa\u011flanan birlik ve beraberli\u011fin \u00f6nemine vurgu yapan Erba\u015f, &#8220;Burada \u00e7ok g\u00fczel bir \u015fehir ittifak\u0131 kurulmu\u015f ve bug\u00fcne kadar d\u0131\u015far\u0131ya yans\u0131yan ciddi bir s\u0131k\u0131nt\u0131 olmad\u0131\u011f\u0131n\u0131 g\u00f6r\u00fcyoruz. Bu da ilimiz i\u00e7in \u00e7ok b\u00fcy\u00fck bir kazan\u0131m. G\u00f6sterdi\u011finiz birlik ve beraberlik i\u00e7in hepinize te\u015fekk\u00fcr ediyorum&#8221; \u015feklinde konu\u015ftu.<br \/>\n<br \/>Konu\u015fman\u0131n ard\u0131ndan g\u00fcndem maddeleri g\u00f6r\u00fc\u015f\u00fclerek karara ba\u011fland\u0131 ve \u0130l Genel Meclisi\u2019nin \u015eubat ay\u0131 ilk toplant\u0131s\u0131 sona erdi.<br \/><\/p>\n","protected":false},"excerpt":{"rendered":"<p>K\u00fctahya \u0130l Genel Meclisi\u2019nin \u015eubat ay\u0131 toplant\u0131lar\u0131, \u0130l \u00d6zel \u0130daresi toplant\u0131 salonunda \u0130l Genel Meclisi Ba\u015fkan\u0131 Muammer \u00d6zcura Ba\u015fkanl\u0131\u011f\u0131nda ba\u015flad\u0131. 9 \u015eubat 2023 tarihine kadar devam edecek olan oturumlar, yoklama ile a\u00e7\u0131ld\u0131. Toplant\u0131n\u0131n konuklar\u0131ndan Milliyet\u00e7i Hareket Partisi (MHP) K\u00fctahya Milletvekili Ahmet Erba\u015f, \u0130l Genel Meclis \u00fcyelerine hitaben bir konu\u015fma yapt\u0131. Konu\u015fmas\u0131nda, yol \u00e7al\u0131\u015fmalar\u0131 ve k\u0131rsal&#8230;<\/p>\n","protected":false},"author":1,"featured_media":15075,"comment_status":"open","ping_status":"open","sticky":false,"template":"","format":"standard","meta":{"_crdt_document":"","footnotes":""},"categories":[123],"tags":[],"class_list":["post-15074","post","type-post","status-publish","format-standard","has-post-thumbnail","hentry","category-gundem"],"_links":{"self":[{"href":"https:\/\/www.egemtv.com\/index.php?rest_route=\/wp\/v2\/posts\/15074","targetHints":{"allow":["GET"]}}],"collection":[{"href":"https:\/\/www.egemtv.com\/index.php?rest_route=\/wp\/v2\/posts"}],"about":[{"href":"https:\/\/www.egemtv.com\/index.php?rest_route=\/wp\/v2\/types\/post"}],"author":[{"embeddable":true,"href":"https:\/\/www.egemtv.com\/index.php?rest_route=\/wp\/v2\/users\/1"}],"replies":[{"embeddable":true,"href":"https:\/\/www.egemtv.com\/index.php?rest_route=%2Fwp%2Fv2%2Fcomments&post=15074"}],"version-history":[{"count":1,"href":"https:\/\/www.egemtv.com\/index.php?rest_route=\/wp\/v2\/posts\/15074\/revisions"}],"predecessor-version":[{"id":15076,"href":"https:\/\/www.egemtv.com\/index.php?rest_route=\/wp\/v2\/posts\/15074\/revisions\/15076"}],"wp:featuredmedia":[{"embeddable":true,"href":"https:\/\/www.egemtv.com\/index.php?rest_route=\/wp\/v2\/media\/15075"}],"wp:attachment":[{"href":"https:\/\/www.egemtv.com\/index.php?rest_route=%2Fwp%2Fv2%2Fmedia&parent=15074"}],"wp:term":[{"taxonomy":"category","embeddable":true,"href":"https:\/\/www.egemtv.com\/index.php?rest_route=%2Fwp%2Fv2%2Fcategories&post=15074"},{"taxonomy":"post_tag","embeddable":true,"href":"https:\/\/www.egemtv.com\/index.php?rest_route=%2Fwp%2Fv2%2Ftags&post=15074"}],"curies":[{"name":"wp","href":"https:\/\/api.w.org\/{rel}","templated":true}]}}