{"id":15071,"date":"2025-02-03T18:04:17","date_gmt":"2025-02-03T15:04:17","guid":{"rendered":"https:\/\/www.egemtv.com\/?p=15071"},"modified":"2025-02-03T18:04:20","modified_gmt":"2025-02-03T15:04:20","slug":"ispartada-kontrolden-cikan-arac-takla-atti-2-yarali","status":"publish","type":"post","link":"https:\/\/www.egemtv.com\/?p=15071","title":{"rendered":"Isparta\u2019da kontrolden \u00e7\u0131kan ara\u00e7 takla att\u0131: 2 yaral\u0131"},"content":{"rendered":"<p>Isparta\u2019da s\u00fcr\u00fcc\u00fcs\u00fcn\u00fcn kontrol\u00fcnden \u00e7\u0131kan otomobilin takla atmas\u0131 sonucu meydana gelen kazada 2 ki\u015fi yaraland\u0131<br \/>\n<br \/>Kaza, \u00f6\u011fle saatlerinde E\u011firdir \u0130l\u00e7esi Mahmatlar k\u00f6y\u00fc yolu \u00fczerinde meydana geldi. Edinilen bilgiye g\u00f6re, Mevl\u00fct K. (75) idaresindeki 32 EZ 494 plakal\u0131 otomobil, s\u00fcr\u00fcc\u00fcs\u00fcn\u00fcn direksiyon hakimiyetini kaybetmesi sonucu takla atarak yol kenar\u0131na savruldu. Kazada otomobil s\u00fcr\u00fcc\u00fcs\u00fc Mevl\u00fct K. ve yolcu konumundaki Ummuhan K. (69) yaraland\u0131. \u00c7evredeki vatanda\u015flar\u0131n ihbar\u0131 \u00fczerine b\u00f6lgeye jandarma ve sa\u011fl\u0131k ekipleri sevk edildi. Olay yerine gelen sa\u011fl\u0131k ekiplerinin ilk m\u00fcdahalesinin ard\u0131ndan yaral\u0131 Mevl\u00fct K. ve Ummuhan K., ambulansla hastaneye kald\u0131r\u0131ld\u0131. Kaza ile ilgili inceleme ba\u015flat\u0131ld\u0131.<br \/><\/p>\n","protected":false},"excerpt":{"rendered":"<p>Isparta\u2019da s\u00fcr\u00fcc\u00fcs\u00fcn\u00fcn kontrol\u00fcnden \u00e7\u0131kan otomobilin takla atmas\u0131 sonucu meydana gelen kazada 2 ki\u015fi yaraland\u0131 Kaza, \u00f6\u011fle saatlerinde E\u011firdir \u0130l\u00e7esi Mahmatlar k\u00f6y\u00fc yolu \u00fczerinde meydana geldi. Edinilen bilgiye g\u00f6re, Mevl\u00fct K. (75) idaresindeki 32 EZ 494 plakal\u0131 otomobil, s\u00fcr\u00fcc\u00fcs\u00fcn\u00fcn direksiyon hakimiyetini kaybetmesi sonucu takla atarak yol kenar\u0131na savruldu. Kazada otomobil s\u00fcr\u00fcc\u00fcs\u00fc Mevl\u00fct K. ve yolcu konumundaki&#8230;<\/p>\n","protected":false},"author":1,"featured_media":15072,"comment_status":"open","ping_status":"open","sticky":false,"template":"","format":"standard","meta":{"_crdt_document":"","footnotes":""},"categories":[5],"tags":[],"class_list":["post-15071","post","type-post","status-publish","format-standard","has-post-thumbnail","hentry","category-asayis"],"_links":{"self":[{"href":"https:\/\/www.egemtv.com\/index.php?rest_route=\/wp\/v2\/posts\/15071","targetHints":{"allow":["GET"]}}],"collection":[{"href":"https:\/\/www.egemtv.com\/index.php?rest_route=\/wp\/v2\/posts"}],"about":[{"href":"https:\/\/www.egemtv.com\/index.php?rest_route=\/wp\/v2\/types\/post"}],"author":[{"embeddable":true,"href":"https:\/\/www.egemtv.com\/index.php?rest_route=\/wp\/v2\/users\/1"}],"replies":[{"embeddable":true,"href":"https:\/\/www.egemtv.com\/index.php?rest_route=%2Fwp%2Fv2%2Fcomments&post=15071"}],"version-history":[{"count":1,"href":"https:\/\/www.egemtv.com\/index.php?rest_route=\/wp\/v2\/posts\/15071\/revisions"}],"predecessor-version":[{"id":15073,"href":"https:\/\/www.egemtv.com\/index.php?rest_route=\/wp\/v2\/posts\/15071\/revisions\/15073"}],"wp:featuredmedia":[{"embeddable":true,"href":"https:\/\/www.egemtv.com\/index.php?rest_route=\/wp\/v2\/media\/15072"}],"wp:attachment":[{"href":"https:\/\/www.egemtv.com\/index.php?rest_route=%2Fwp%2Fv2%2Fmedia&parent=15071"}],"wp:term":[{"taxonomy":"category","embeddable":true,"href":"https:\/\/www.egemtv.com\/index.php?rest_route=%2Fwp%2Fv2%2Fcategories&post=15071"},{"taxonomy":"post_tag","embeddable":true,"href":"https:\/\/www.egemtv.com\/index.php?rest_route=%2Fwp%2Fv2%2Ftags&post=15071"}],"curies":[{"name":"wp","href":"https:\/\/api.w.org\/{rel}","templated":true}]}}