{"id":15068,"date":"2025-02-03T17:28:05","date_gmt":"2025-02-03T14:28:05","guid":{"rendered":"https:\/\/www.egemtv.com\/?p=15068"},"modified":"2025-02-03T17:28:11","modified_gmt":"2025-02-03T14:28:11","slug":"denizlili-bisikletciler-sezona-hizli-basladi","status":"publish","type":"post","link":"https:\/\/www.egemtv.com\/?p=15068","title":{"rendered":"Denizlili bisiklet\u00e7iler sezona h\u0131zl\u0131 ba\u015flad\u0131"},"content":{"rendered":"<p>Bisiklet T\u00fcrkiye Kupas\u0131 1. Etap Yar\u0131\u015flar\u0131nda Alanya\u2019da Denizli\u2019yi temsil eden sporcular, elde ettikleri 4 alt\u0131n ve 3 bronz madalyayla \u00f6nemli bir ba\u015far\u0131ya imza att\u0131.<\/p>\n<p>Bisiklet sporunun 2025 y\u0131l\u0131 faaliyet program\u0131nda yer alan T\u00fcrkiye Kupas\u0131 1. Etap Yol \u015eampiyonas\u0131 ge\u00e7ti\u011fimiz hafta Alanya\u2019da yap\u0131ld\u0131. 2024 sezonunda T\u00fcrkiye ve Balkan \u015eampiyonu olan Denizlili Buse Ertekin, sezona iyi bir ba\u015flang\u0131\u00e7 yapt\u0131. \u0130lk g\u00fcn yap\u0131lan 12 km. mesafeli Bireysel Zamana Kar\u015f\u0131 yar\u0131\u015f\u0131nda, en yak\u0131n rakibine 01:48 dk fark atan Ertekin, yine \u015fampiyon olmay\u0131 ba\u015fard\u0131. Master 40\u2019da start alan Mehmet Can Balc\u0131 ise zamana kar\u015f\u0131 etab\u0131n\u0131 \u00fc\u00e7\u00fcnc\u00fc s\u0131rada tamamlad\u0131.<\/p>\n<p>\u0130kinci g\u00fcn uzun mesafe yol yar\u0131\u015flar\u0131 yap\u0131ld\u0131. Gen\u00e7 ve B\u00fcy\u00fck Kad\u0131n kategorilerinin ayn\u0131 anda start ald\u0131\u011f\u0131 74 km. mesafeli yol yar\u0131\u015flar\u0131 b\u00fcy\u00fck bir heyecana sahne oldu. Buse Ertekin g\u00fcc\u00fcn\u00fc ve kalitesini konu\u015fturarak B\u00fcy\u00fck Kad\u0131n kategorisi sporcular\u0131n\u0131 da geride b\u0131rakarak b\u00fcy\u00fck bir ba\u015far\u0131ya imza att\u0131. Master 45 kategorisinde Turgay Germen tekerlek fark\u0131yla \u00e7izgiyi \u00fc\u00e7\u00fcnc\u00fc ge\u00e7en isim oldu.<\/p>\n<p>\u015eampiyonan\u0131n son g\u00fcn\u00fcnde Kriteryum s\u00fcrat yar\u0131\u015flar\u0131 yap\u0131ld\u0131. Denizlili bisiklet\u00e7ilerin damga vurdu\u011fu yar\u0131\u015flarda sabah seans\u0131nda Buse Ertekin, \u00f6\u011fleden sonraki seansta ise Hakan Y\u0131ld\u0131r\u0131m, 17 km\u2019lik s\u00fcrat yar\u0131\u015f\u0131nda zirvede yer ald\u0131. Turgay Germen ise podyumun \u00fc\u00e7\u00fcnc\u00fc basama\u011f\u0131nda yer ald\u0131.<br \/><\/p>\n","protected":false},"excerpt":{"rendered":"<p>Bisiklet T\u00fcrkiye Kupas\u0131 1. Etap Yar\u0131\u015flar\u0131nda Alanya\u2019da Denizli\u2019yi temsil eden sporcular, elde ettikleri 4 alt\u0131n ve 3 bronz madalyayla \u00f6nemli bir ba\u015far\u0131ya imza att\u0131. Bisiklet sporunun 2025 y\u0131l\u0131 faaliyet program\u0131nda yer alan T\u00fcrkiye Kupas\u0131 1. Etap Yol \u015eampiyonas\u0131 ge\u00e7ti\u011fimiz hafta Alanya\u2019da yap\u0131ld\u0131. 2024 sezonunda T\u00fcrkiye ve Balkan \u015eampiyonu olan Denizlili Buse Ertekin, sezona iyi bir&#8230;<\/p>\n","protected":false},"author":1,"featured_media":15069,"comment_status":"open","ping_status":"open","sticky":false,"template":"","format":"standard","meta":{"_crdt_document":"","footnotes":""},"categories":[4],"tags":[],"class_list":["post-15068","post","type-post","status-publish","format-standard","has-post-thumbnail","hentry","category-spor"],"_links":{"self":[{"href":"https:\/\/www.egemtv.com\/index.php?rest_route=\/wp\/v2\/posts\/15068","targetHints":{"allow":["GET"]}}],"collection":[{"href":"https:\/\/www.egemtv.com\/index.php?rest_route=\/wp\/v2\/posts"}],"about":[{"href":"https:\/\/www.egemtv.com\/index.php?rest_route=\/wp\/v2\/types\/post"}],"author":[{"embeddable":true,"href":"https:\/\/www.egemtv.com\/index.php?rest_route=\/wp\/v2\/users\/1"}],"replies":[{"embeddable":true,"href":"https:\/\/www.egemtv.com\/index.php?rest_route=%2Fwp%2Fv2%2Fcomments&post=15068"}],"version-history":[{"count":1,"href":"https:\/\/www.egemtv.com\/index.php?rest_route=\/wp\/v2\/posts\/15068\/revisions"}],"predecessor-version":[{"id":15070,"href":"https:\/\/www.egemtv.com\/index.php?rest_route=\/wp\/v2\/posts\/15068\/revisions\/15070"}],"wp:featuredmedia":[{"embeddable":true,"href":"https:\/\/www.egemtv.com\/index.php?rest_route=\/wp\/v2\/media\/15069"}],"wp:attachment":[{"href":"https:\/\/www.egemtv.com\/index.php?rest_route=%2Fwp%2Fv2%2Fmedia&parent=15068"}],"wp:term":[{"taxonomy":"category","embeddable":true,"href":"https:\/\/www.egemtv.com\/index.php?rest_route=%2Fwp%2Fv2%2Fcategories&post=15068"},{"taxonomy":"post_tag","embeddable":true,"href":"https:\/\/www.egemtv.com\/index.php?rest_route=%2Fwp%2Fv2%2Ftags&post=15068"}],"curies":[{"name":"wp","href":"https:\/\/api.w.org\/{rel}","templated":true}]}}