{"id":15065,"date":"2025-02-03T17:22:42","date_gmt":"2025-02-03T14:22:42","guid":{"rendered":"https:\/\/www.egemtv.com\/?p=15065"},"modified":"2025-02-03T17:22:51","modified_gmt":"2025-02-03T14:22:51","slug":"prof-sengor-ege-denizindeki-depremleri-degerlendirdi","status":"publish","type":"post","link":"https:\/\/www.egemtv.com\/?p=15065","title":{"rendered":"Prof. \u015eeng\u00f6r, Ege Denizi\u2019ndeki depremleri de\u011ferlendirdi"},"content":{"rendered":"<p>Mu\u011fla B\u00fcy\u00fck\u015fehir Belediyesinin davetlisi olarak Mu\u011fla\u2019ya gelen Prof. Dr. Celal \u015eeng\u00f6r, Ege Denizi merkezli depremleri de\u011ferlendirdi.<br \/>\n<br \/>Ege Denizi\u2019nde son g\u00fcnlerde meydana gelen depremleri de\u011ferlendiren Prof. Dr. Celal \u015eeng\u00f6r, &#8220;Depremlerin ne t\u00fcr deprem oldu\u011fu, derinliklerini \u00f6\u011frendim, 7 kilometre imi\u015f. Yani burada normal bir derinlik, beklenilen bir \u015fey. Ama depremler ne t\u00fcr depremler? Bir de tam olarak nerede k\u00fcmeleniyorlar? Vallahi oradaki yanarda\u011f aktif zaten. Yaln\u0131z oras\u0131 patlarsa hepimize Allah\u2019a \u0131smarlad\u0131k. Depremlerin t\u00fcrleri ne? Onu g\u00f6rebilmeyi \u00e7ok isterim. Onun fay \u00e7\u00f6z\u00fcmlerini bizimkiler yaparlar herhalde. Ondan zaman\u0131nda almak laz\u0131m. \u015eimdiden bir \u015fey s\u00f6ylemek m\u00fcmk\u00fcn de\u011fil. \u015eimdi s\u00f6ylenebilecek bir \u015fey var. Harita \u00fczerinde nas\u0131l g\u00f6r\u00fcn\u00fcyor bunlar? Buradaki faylar\u0131n her biri normal fay. Bunlar\u0131n hepsi tsunami yapar. \u00c7\u00fcnk\u00fc tsunaminin olabilmesi i\u00e7in deniz taban\u0131nda yer de\u011fi\u015fimi olmas\u0131 laz\u0131m. Topograf yan\u0131 de\u011fi\u015fmesi laz\u0131m. Mesela \u0130stanbul \u00f6yle de\u011fil. \u0130stanbul\u2019daki fay, yan yana fay. Orada tsunami tehlikesi ancak yer kaymas\u0131 olursa olur. Ama bir yer kaymas\u0131 oldu\u011fu zaman da orada 7 metreye kadar olabiliyor yani&#8221; diye konu\u015ftu.<br \/><\/p>\n","protected":false},"excerpt":{"rendered":"<p>Mu\u011fla B\u00fcy\u00fck\u015fehir Belediyesinin davetlisi olarak Mu\u011fla\u2019ya gelen Prof. Dr. Celal \u015eeng\u00f6r, Ege Denizi merkezli depremleri de\u011ferlendirdi. Ege Denizi\u2019nde son g\u00fcnlerde meydana gelen depremleri de\u011ferlendiren Prof. Dr. Celal \u015eeng\u00f6r, &#8220;Depremlerin ne t\u00fcr deprem oldu\u011fu, derinliklerini \u00f6\u011frendim, 7 kilometre imi\u015f. Yani burada normal bir derinlik, beklenilen bir \u015fey. Ama depremler ne t\u00fcr depremler? Bir de tam olarak&#8230;<\/p>\n","protected":false},"author":1,"featured_media":15066,"comment_status":"open","ping_status":"open","sticky":false,"template":"","format":"standard","meta":{"_crdt_document":"","footnotes":""},"categories":[1],"tags":[],"class_list":["post-15065","post","type-post","status-publish","format-standard","has-post-thumbnail","hentry","category-guncel"],"_links":{"self":[{"href":"https:\/\/www.egemtv.com\/index.php?rest_route=\/wp\/v2\/posts\/15065","targetHints":{"allow":["GET"]}}],"collection":[{"href":"https:\/\/www.egemtv.com\/index.php?rest_route=\/wp\/v2\/posts"}],"about":[{"href":"https:\/\/www.egemtv.com\/index.php?rest_route=\/wp\/v2\/types\/post"}],"author":[{"embeddable":true,"href":"https:\/\/www.egemtv.com\/index.php?rest_route=\/wp\/v2\/users\/1"}],"replies":[{"embeddable":true,"href":"https:\/\/www.egemtv.com\/index.php?rest_route=%2Fwp%2Fv2%2Fcomments&post=15065"}],"version-history":[{"count":1,"href":"https:\/\/www.egemtv.com\/index.php?rest_route=\/wp\/v2\/posts\/15065\/revisions"}],"predecessor-version":[{"id":15067,"href":"https:\/\/www.egemtv.com\/index.php?rest_route=\/wp\/v2\/posts\/15065\/revisions\/15067"}],"wp:featuredmedia":[{"embeddable":true,"href":"https:\/\/www.egemtv.com\/index.php?rest_route=\/wp\/v2\/media\/15066"}],"wp:attachment":[{"href":"https:\/\/www.egemtv.com\/index.php?rest_route=%2Fwp%2Fv2%2Fmedia&parent=15065"}],"wp:term":[{"taxonomy":"category","embeddable":true,"href":"https:\/\/www.egemtv.com\/index.php?rest_route=%2Fwp%2Fv2%2Fcategories&post=15065"},{"taxonomy":"post_tag","embeddable":true,"href":"https:\/\/www.egemtv.com\/index.php?rest_route=%2Fwp%2Fv2%2Ftags&post=15065"}],"curies":[{"name":"wp","href":"https:\/\/api.w.org\/{rel}","templated":true}]}}